{"id":124807,"date":"2020-02-19T00:05:53","date_gmt":"2020-02-18T23:05:53","guid":{"rendered":"https:\/\/elspeedo.cz\/?p=124807\/"},"modified":"2020-02-25T00:13:12","modified_gmt":"2020-02-24T23:13:12","slug":"el-speedo-paragliding-asistant-programm-2020","status":"publish","type":"post","link":"https:\/\/elspeedo.cz\/en\/el-speedo-paragliding-asistant-programm-2020\/","title":{"rendered":"El Speedo paragliding asistant programm 2020"},"content":{"rendered":"<div class=\"wpb-content-wrapper\">[vc_row][vc_column][vc_column_text]The next season is here and if you are interested in paragliding to such an extent that you would or would like to spend more time, come to us and put it together. Every year we open the door for stronger pieces who can drive a car, communicate well, use their head even if it pushes somewhere, they are not afraid to use their hands to work and enjoy driving exactly as planned in targeted improvisation &#8211; depending on weather and the possibilities of a little strange but strongly friendly band of people in the El Speedo team.<\/p>\n<p>T Yeah, and we&#8217;ll probably build a small sauna and tune the energy in the cottage and farm system. So besides flying, you will learn a lot of other interesting things. And if you survive, maybe you will.<\/p>\n<p>The first year is sniffing &#8211; starting \ud83d\ude42 and then all the benefits and social security of our Paragliding Instructor Training Program.[\/vc_column_text][mk_button dimension=&#8221;outline&#8221; corner_style=&#8221;rounded&#8221; size=&#8221;large&#8221; url=&#8221;https:\/\/elspeedo.cz\/vycvik-paraglidingovych-instruktoru\/&#8221; align=&#8221;center&#8221; margin_top=&#8221;20&#8243; margin_bottom=&#8221;30&#8243; margin_right=&#8221;0&#8243; el_class=&#8221;basic-button&#8221;]El Speedo paragliding asistant programm [\/mk_button][vc_column_text]Write how you are, how we can help you and how you can help us and if it fits, we&#8217;ll put you in Denise&#8217;s hat and draw you in Indian style as the future of the El Speed \u200b\u200bteam. Purely accidentally and with great luck, of course\u2026 \u2026<\/p>\n<p>I look forward to see you in Beskydy.<\/p>\n<p>Email: dali@elspeedo.cz<br \/>\nor call +420 603 311 661[\/vc_column_text][\/vc_column][\/vc_row]\n<\/div>","protected":false},"excerpt":{"rendered":"<p>This year will be full of trips abroad, flying on Javorov\u00fd vrch and starting aquaponic farm: o).<\/p>\n","protected":false},"author":3879,"featured_media":37434,"comment_status":"open","ping_status":"open","sticky":false,"template":"","format":"standard","meta":{"_tribe_blocks_recurrence_rules":"","_tribe_blocks_recurrence_exclusions":"","_tribe_blocks_recurrence_description":"","footnotes":""},"categories":[513,512,545],"tags":[],"class_list":["post-124807","post","type-post","status-publish","format-standard","has-post-thumbnail","hentry","category-article","category-club-en","category-school-en"],"yoast_head":"<!-- This site is optimized with the Yoast SEO plugin v27.0 - https:\/\/yoast.com\/product\/yoast-seo-wordpress\/ -->\n<title>El Speedo paragliding asistant programm 2020 &#8212; El Speedo<\/title>\n<meta name=\"description\" content=\"El Speedo je nejv\u011bt\u0161\u00ed paraglidingov\u00e1 komunita a \u0161kola v \u010cR. Tandemov\u00e9 seskoky, kurzy, expedice a paragliding v\u00fdbava\" \/>\n<meta name=\"robots\" content=\"index, follow, max-snippet:-1, max-image-preview:large, max-video-preview:-1\" \/>\n<link rel=\"canonical\" href=\"https:\/\/elspeedo.cz\/en\/el-speedo-paragliding-asistant-programm-2020\/\" \/>\n<meta property=\"og:locale\" content=\"en_US\" \/>\n<meta property=\"og:type\" content=\"article\" \/>\n<meta property=\"og:title\" content=\"El Speedo paragliding asistant programm 2020 &#8212; El Speedo\" \/>\n<meta property=\"og:description\" content=\"El Speedo je nejv\u011bt\u0161\u00ed paraglidingov\u00e1 komunita a \u0161kola v \u010cR. Tandemov\u00e9 seskoky, kurzy, expedice a paragliding v\u00fdbava\" \/>\n<meta property=\"og:url\" content=\"https:\/\/elspeedo.cz\/en\/el-speedo-paragliding-asistant-programm-2020\/\" \/>\n<meta property=\"og:site_name\" content=\"El Speedo\" \/>\n<meta property=\"article:publisher\" content=\"http:\/\/www.facebook.com\/paragliding.elspeedo.cz\/?fref=ts\" \/>\n<meta property=\"article:published_time\" content=\"2020-02-18T23:05:53+00:00\" \/>\n<meta property=\"article:modified_time\" content=\"2020-02-24T23:13:12+00:00\" \/>\n<meta property=\"og:image\" content=\"https:\/\/elspeedo.cz\/wp-content\/uploads\/2016\/12\/dalibor_carbol.jpg\" \/>\n\t<meta property=\"og:image:width\" content=\"800\" \/>\n\t<meta property=\"og:image:height\" content=\"533\" \/>\n\t<meta property=\"og:image:type\" content=\"image\/jpeg\" \/>\n<meta name=\"author\" content=\"Blanka Sm\u00e9kalov\u00e1\" \/>\n<meta name=\"twitter:card\" content=\"summary_large_image\" \/>\n<meta name=\"twitter:label1\" content=\"Written by\" \/>\n\t<meta name=\"twitter:data1\" content=\"Blanka Sm\u00e9kalov\u00e1\" \/>\n\t<meta name=\"twitter:label2\" content=\"Est. reading time\" \/>\n\t<meta name=\"twitter:data2\" content=\"1 minute\" \/>\n<script type=\"application\/ld+json\" class=\"yoast-schema-graph\">{\"@context\":\"https:\/\/schema.org\",\"@graph\":[{\"@type\":\"Article\",\"@id\":\"https:\/\/elspeedo.cz\/en\/el-speedo-paragliding-asistant-programm-2020\/#article\",\"isPartOf\":{\"@id\":\"https:\/\/elspeedo.cz\/en\/el-speedo-paragliding-asistant-programm-2020\/\"},\"author\":{\"name\":\"Blanka Sm\u00e9kalov\u00e1\",\"@id\":\"https:\/\/elspeedo.cz\/#\/schema\/person\/6124434cba010b06a698a80d4a932c23\"},\"headline\":\"El Speedo paragliding asistant programm 2020\",\"datePublished\":\"2020-02-18T23:05:53+00:00\",\"dateModified\":\"2020-02-24T23:13:12+00:00\",\"mainEntityOfPage\":{\"@id\":\"https:\/\/elspeedo.cz\/en\/el-speedo-paragliding-asistant-programm-2020\/\"},\"wordCount\":276,\"commentCount\":0,\"image\":{\"@id\":\"https:\/\/elspeedo.cz\/en\/el-speedo-paragliding-asistant-programm-2020\/#primaryimage\"},\"thumbnailUrl\":\"https:\/\/elspeedo.cz\/wp-content\/uploads\/2016\/12\/dalibor_carbol.jpg\",\"articleSection\":[\"ARTICLE\",\"Club\",\"School\"],\"inLanguage\":\"en-US\",\"potentialAction\":[{\"@type\":\"CommentAction\",\"name\":\"Comment\",\"target\":[\"https:\/\/elspeedo.cz\/en\/el-speedo-paragliding-asistant-programm-2020\/#respond\"]}]},{\"@type\":\"WebPage\",\"@id\":\"https:\/\/elspeedo.cz\/en\/el-speedo-paragliding-asistant-programm-2020\/\",\"url\":\"https:\/\/elspeedo.cz\/en\/el-speedo-paragliding-asistant-programm-2020\/\",\"name\":\"El Speedo paragliding asistant programm 2020 &#8212; El Speedo\",\"isPartOf\":{\"@id\":\"https:\/\/elspeedo.cz\/#website\"},\"primaryImageOfPage\":{\"@id\":\"https:\/\/elspeedo.cz\/en\/el-speedo-paragliding-asistant-programm-2020\/#primaryimage\"},\"image\":{\"@id\":\"https:\/\/elspeedo.cz\/en\/el-speedo-paragliding-asistant-programm-2020\/#primaryimage\"},\"thumbnailUrl\":\"https:\/\/elspeedo.cz\/wp-content\/uploads\/2016\/12\/dalibor_carbol.jpg\",\"datePublished\":\"2020-02-18T23:05:53+00:00\",\"dateModified\":\"2020-02-24T23:13:12+00:00\",\"author\":{\"@id\":\"https:\/\/elspeedo.cz\/#\/schema\/person\/6124434cba010b06a698a80d4a932c23\"},\"description\":\"El Speedo je nejv\u011bt\u0161\u00ed paraglidingov\u00e1 komunita a \u0161kola v \u010cR. Tandemov\u00e9 seskoky, kurzy, expedice a paragliding v\u00fdbava\",\"breadcrumb\":{\"@id\":\"https:\/\/elspeedo.cz\/en\/el-speedo-paragliding-asistant-programm-2020\/#breadcrumb\"},\"inLanguage\":\"en-US\",\"potentialAction\":[{\"@type\":\"ReadAction\",\"target\":[\"https:\/\/elspeedo.cz\/en\/el-speedo-paragliding-asistant-programm-2020\/\"]}]},{\"@type\":\"ImageObject\",\"inLanguage\":\"en-US\",\"@id\":\"https:\/\/elspeedo.cz\/en\/el-speedo-paragliding-asistant-programm-2020\/#primaryimage\",\"url\":\"https:\/\/elspeedo.cz\/wp-content\/uploads\/2016\/12\/dalibor_carbol.jpg\",\"contentUrl\":\"https:\/\/elspeedo.cz\/wp-content\/uploads\/2016\/12\/dalibor_carbol.jpg\",\"width\":800,\"height\":533},{\"@type\":\"BreadcrumbList\",\"@id\":\"https:\/\/elspeedo.cz\/en\/el-speedo-paragliding-asistant-programm-2020\/#breadcrumb\",\"itemListElement\":[{\"@type\":\"ListItem\",\"position\":1,\"name\":\"Dom\u016f\",\"item\":\"https:\/\/elspeedo.cz\/en\/\"},{\"@type\":\"ListItem\",\"position\":2,\"name\":\"El Speedo paragliding asistant programm 2020\"}]},{\"@type\":\"WebSite\",\"@id\":\"https:\/\/elspeedo.cz\/#website\",\"url\":\"https:\/\/elspeedo.cz\/\",\"name\":\"El Speedo\",\"description\":\"Paragliding - kurzy, vybaven\u00ed, v\u00fdlety, komunita\",\"potentialAction\":[{\"@type\":\"SearchAction\",\"target\":{\"@type\":\"EntryPoint\",\"urlTemplate\":\"https:\/\/elspeedo.cz\/?s={search_term_string}\"},\"query-input\":{\"@type\":\"PropertyValueSpecification\",\"valueRequired\":true,\"valueName\":\"search_term_string\"}}],\"inLanguage\":\"en-US\"},{\"@type\":\"Person\",\"@id\":\"https:\/\/elspeedo.cz\/#\/schema\/person\/6124434cba010b06a698a80d4a932c23\",\"name\":\"Blanka Sm\u00e9kalov\u00e1\",\"image\":{\"@type\":\"ImageObject\",\"inLanguage\":\"en-US\",\"@id\":\"https:\/\/elspeedo.cz\/#\/schema\/person\/image\/\",\"url\":\"https:\/\/secure.gravatar.com\/avatar\/a4090378d7a591a38fa80dc38154cbe508502981a03b02f842899c16804a1cd1?s=96&d=mm&r=g\",\"contentUrl\":\"https:\/\/secure.gravatar.com\/avatar\/a4090378d7a591a38fa80dc38154cbe508502981a03b02f842899c16804a1cd1?s=96&d=mm&r=g\",\"caption\":\"Blanka Sm\u00e9kalov\u00e1\"},\"url\":\"https:\/\/elspeedo.cz\/en\/author\/forumadmin\/\"}]}<\/script>\n<!-- \/ Yoast SEO plugin. -->","yoast_head_json":{"title":"El Speedo paragliding asistant programm 2020 &#8212; El Speedo","description":"El Speedo je nejv\u011bt\u0161\u00ed paraglidingov\u00e1 komunita a \u0161kola v \u010cR. Tandemov\u00e9 seskoky, kurzy, expedice a paragliding v\u00fdbava","robots":{"index":"index","follow":"follow","max-snippet":"max-snippet:-1","max-image-preview":"max-image-preview:large","max-video-preview":"max-video-preview:-1"},"canonical":"https:\/\/elspeedo.cz\/en\/el-speedo-paragliding-asistant-programm-2020\/","og_locale":"en_US","og_type":"article","og_title":"El Speedo paragliding asistant programm 2020 &#8212; El Speedo","og_description":"El Speedo je nejv\u011bt\u0161\u00ed paraglidingov\u00e1 komunita a \u0161kola v \u010cR. Tandemov\u00e9 seskoky, kurzy, expedice a paragliding v\u00fdbava","og_url":"https:\/\/elspeedo.cz\/en\/el-speedo-paragliding-asistant-programm-2020\/","og_site_name":"El Speedo","article_publisher":"http:\/\/www.facebook.com\/paragliding.elspeedo.cz\/?fref=ts","article_published_time":"2020-02-18T23:05:53+00:00","article_modified_time":"2020-02-24T23:13:12+00:00","og_image":[{"width":800,"height":533,"url":"https:\/\/elspeedo.cz\/wp-content\/uploads\/2016\/12\/dalibor_carbol.jpg","type":"image\/jpeg"}],"author":"Blanka Sm\u00e9kalov\u00e1","twitter_card":"summary_large_image","twitter_misc":{"Written by":"Blanka Sm\u00e9kalov\u00e1","Est. reading time":"1 minute"},"schema":{"@context":"https:\/\/schema.org","@graph":[{"@type":"Article","@id":"https:\/\/elspeedo.cz\/en\/el-speedo-paragliding-asistant-programm-2020\/#article","isPartOf":{"@id":"https:\/\/elspeedo.cz\/en\/el-speedo-paragliding-asistant-programm-2020\/"},"author":{"name":"Blanka Sm\u00e9kalov\u00e1","@id":"https:\/\/elspeedo.cz\/#\/schema\/person\/6124434cba010b06a698a80d4a932c23"},"headline":"El Speedo paragliding asistant programm 2020","datePublished":"2020-02-18T23:05:53+00:00","dateModified":"2020-02-24T23:13:12+00:00","mainEntityOfPage":{"@id":"https:\/\/elspeedo.cz\/en\/el-speedo-paragliding-asistant-programm-2020\/"},"wordCount":276,"commentCount":0,"image":{"@id":"https:\/\/elspeedo.cz\/en\/el-speedo-paragliding-asistant-programm-2020\/#primaryimage"},"thumbnailUrl":"https:\/\/elspeedo.cz\/wp-content\/uploads\/2016\/12\/dalibor_carbol.jpg","articleSection":["ARTICLE","Club","School"],"inLanguage":"en-US","potentialAction":[{"@type":"CommentAction","name":"Comment","target":["https:\/\/elspeedo.cz\/en\/el-speedo-paragliding-asistant-programm-2020\/#respond"]}]},{"@type":"WebPage","@id":"https:\/\/elspeedo.cz\/en\/el-speedo-paragliding-asistant-programm-2020\/","url":"https:\/\/elspeedo.cz\/en\/el-speedo-paragliding-asistant-programm-2020\/","name":"El Speedo paragliding asistant programm 2020 &#8212; El Speedo","isPartOf":{"@id":"https:\/\/elspeedo.cz\/#website"},"primaryImageOfPage":{"@id":"https:\/\/elspeedo.cz\/en\/el-speedo-paragliding-asistant-programm-2020\/#primaryimage"},"image":{"@id":"https:\/\/elspeedo.cz\/en\/el-speedo-paragliding-asistant-programm-2020\/#primaryimage"},"thumbnailUrl":"https:\/\/elspeedo.cz\/wp-content\/uploads\/2016\/12\/dalibor_carbol.jpg","datePublished":"2020-02-18T23:05:53+00:00","dateModified":"2020-02-24T23:13:12+00:00","author":{"@id":"https:\/\/elspeedo.cz\/#\/schema\/person\/6124434cba010b06a698a80d4a932c23"},"description":"El Speedo je nejv\u011bt\u0161\u00ed paraglidingov\u00e1 komunita a \u0161kola v \u010cR. Tandemov\u00e9 seskoky, kurzy, expedice a paragliding v\u00fdbava","breadcrumb":{"@id":"https:\/\/elspeedo.cz\/en\/el-speedo-paragliding-asistant-programm-2020\/#breadcrumb"},"inLanguage":"en-US","potentialAction":[{"@type":"ReadAction","target":["https:\/\/elspeedo.cz\/en\/el-speedo-paragliding-asistant-programm-2020\/"]}]},{"@type":"ImageObject","inLanguage":"en-US","@id":"https:\/\/elspeedo.cz\/en\/el-speedo-paragliding-asistant-programm-2020\/#primaryimage","url":"https:\/\/elspeedo.cz\/wp-content\/uploads\/2016\/12\/dalibor_carbol.jpg","contentUrl":"https:\/\/elspeedo.cz\/wp-content\/uploads\/2016\/12\/dalibor_carbol.jpg","width":800,"height":533},{"@type":"BreadcrumbList","@id":"https:\/\/elspeedo.cz\/en\/el-speedo-paragliding-asistant-programm-2020\/#breadcrumb","itemListElement":[{"@type":"ListItem","position":1,"name":"Dom\u016f","item":"https:\/\/elspeedo.cz\/en\/"},{"@type":"ListItem","position":2,"name":"El Speedo paragliding asistant programm 2020"}]},{"@type":"WebSite","@id":"https:\/\/elspeedo.cz\/#website","url":"https:\/\/elspeedo.cz\/","name":"El Speedo","description":"Paragliding - kurzy, vybaven\u00ed, v\u00fdlety, komunita","potentialAction":[{"@type":"SearchAction","target":{"@type":"EntryPoint","urlTemplate":"https:\/\/elspeedo.cz\/?s={search_term_string}"},"query-input":{"@type":"PropertyValueSpecification","valueRequired":true,"valueName":"search_term_string"}}],"inLanguage":"en-US"},{"@type":"Person","@id":"https:\/\/elspeedo.cz\/#\/schema\/person\/6124434cba010b06a698a80d4a932c23","name":"Blanka Sm\u00e9kalov\u00e1","image":{"@type":"ImageObject","inLanguage":"en-US","@id":"https:\/\/elspeedo.cz\/#\/schema\/person\/image\/","url":"https:\/\/secure.gravatar.com\/avatar\/a4090378d7a591a38fa80dc38154cbe508502981a03b02f842899c16804a1cd1?s=96&d=mm&r=g","contentUrl":"https:\/\/secure.gravatar.com\/avatar\/a4090378d7a591a38fa80dc38154cbe508502981a03b02f842899c16804a1cd1?s=96&d=mm&r=g","caption":"Blanka Sm\u00e9kalov\u00e1"},"url":"https:\/\/elspeedo.cz\/en\/author\/forumadmin\/"}]}},"_links":{"self":[{"href":"https:\/\/elspeedo.cz\/en\/wp-json\/wp\/v2\/posts\/124807","targetHints":{"allow":["GET"]}}],"collection":[{"href":"https:\/\/elspeedo.cz\/en\/wp-json\/wp\/v2\/posts"}],"about":[{"href":"https:\/\/elspeedo.cz\/en\/wp-json\/wp\/v2\/types\/post"}],"author":[{"embeddable":true,"href":"https:\/\/elspeedo.cz\/en\/wp-json\/wp\/v2\/users\/3879"}],"replies":[{"embeddable":true,"href":"https:\/\/elspeedo.cz\/en\/wp-json\/wp\/v2\/comments?post=124807"}],"version-history":[{"count":0,"href":"https:\/\/elspeedo.cz\/en\/wp-json\/wp\/v2\/posts\/124807\/revisions"}],"wp:featuredmedia":[{"embeddable":true,"href":"https:\/\/elspeedo.cz\/en\/wp-json\/wp\/v2\/media\/37434"}],"wp:attachment":[{"href":"https:\/\/elspeedo.cz\/en\/wp-json\/wp\/v2\/media?parent=124807"}],"wp:term":[{"taxonomy":"category","embeddable":true,"href":"https:\/\/elspeedo.cz\/en\/wp-json\/wp\/v2\/categories?post=124807"},{"taxonomy":"post_tag","embeddable":true,"href":"https:\/\/elspeedo.cz\/en\/wp-json\/wp\/v2\/tags?post=124807"}],"curies":[{"name":"wp","href":"https:\/\/api.w.org\/{rel}","templated":true}]}}