{"id":109896,"date":"2019-07-10T08:18:19","date_gmt":"2019-07-10T07:18:19","guid":{"rendered":"https:\/\/elspeedo.cz\/?p=109896\/"},"modified":"2019-07-10T08:33:20","modified_gmt":"2019-07-10T07:33:20","slug":"wiewiorka-na-drzewie-i-projekt-wiewiorstock","status":"publish","type":"post","link":"https:\/\/elspeedo.cz\/pl\/wiewiorka-na-drzewie-i-projekt-wiewiorstock\/","title":{"rendered":"Wiewi\u00f3rka Na Drzewie i projekt Wiewi\u00f3rstock!"},"content":{"rendered":"<p>Wi\u0119kszo\u015bci z Was Jezusa i Wiewi\u00f3rki Na Drzewie nie trzeba przedstawia\u0107.<\/p>\n<p>Graj\u0105 od ko\u0144ca 2008 roku a Jezus (Radek) jest z nami od 2009. Pojawi\u0142 si\u0119 na Parasemie w Mostech u Jablunkova 2009 i tak zosta\u0142o. Wiewi\u00f3rka na Drzewie zagra\u0142a wielokrotnie na Katushy i w Stolarni na Parasemach. Teraz mo\u017cesz im pom\u00f3c zorganizowa\u0107 Wiewi\u00f3stock: <strong><a href=\"https:\/\/zrzutka.pl\/ub25z2\" target=\"_blank\" rel=\"noopener noreferrer\">https:\/\/zrzutka.pl\/ub25z2<\/a><\/strong><\/p>\n<p><img loading=\"lazy\" decoding=\"async\" class=\"alignnone size-medium wp-image-109924\" src=\"https:\/\/elspeedo.cz\/wp-content\/uploads\/2019\/07\/parasem_2014_161-300x200.jpg\" alt=\"\" width=\"300\" height=\"200\" srcset=\"https:\/\/elspeedo.cz\/wp-content\/uploads\/2019\/07\/parasem_2014_161-300x200.jpg 300w, https:\/\/elspeedo.cz\/wp-content\/uploads\/2019\/07\/parasem_2014_161-150x100.jpg 150w, https:\/\/elspeedo.cz\/wp-content\/uploads\/2019\/07\/parasem_2014_161-768x512.jpg 768w, https:\/\/elspeedo.cz\/wp-content\/uploads\/2019\/07\/parasem_2014_161-500x333.jpg 500w, https:\/\/elspeedo.cz\/wp-content\/uploads\/2019\/07\/parasem_2014_161.jpg 800w\" sizes=\"auto, (max-width: 300px) 100vw, 300px\" \/> <img loading=\"lazy\" decoding=\"async\" class=\"alignnone size-medium wp-image-109927\" src=\"https:\/\/elspeedo.cz\/wp-content\/uploads\/2019\/07\/parasem_2014_007-300x200.jpg\" alt=\"\" width=\"300\" height=\"200\" srcset=\"https:\/\/elspeedo.cz\/wp-content\/uploads\/2019\/07\/parasem_2014_007-300x200.jpg 300w, https:\/\/elspeedo.cz\/wp-content\/uploads\/2019\/07\/parasem_2014_007-150x100.jpg 150w, https:\/\/elspeedo.cz\/wp-content\/uploads\/2019\/07\/parasem_2014_007-768x512.jpg 768w, https:\/\/elspeedo.cz\/wp-content\/uploads\/2019\/07\/parasem_2014_007-500x333.jpg 500w, https:\/\/elspeedo.cz\/wp-content\/uploads\/2019\/07\/parasem_2014_007.jpg 800w\" sizes=\"auto, (max-width: 300px) 100vw, 300px\" \/> <img loading=\"lazy\" decoding=\"async\" class=\"alignnone size-medium wp-image-109930\" src=\"https:\/\/elspeedo.cz\/wp-content\/uploads\/2019\/07\/katusha_2016_00034-300x200.jpg\" alt=\"\" width=\"300\" height=\"200\" srcset=\"https:\/\/elspeedo.cz\/wp-content\/uploads\/2019\/07\/katusha_2016_00034-300x200.jpg 300w, https:\/\/elspeedo.cz\/wp-content\/uploads\/2019\/07\/katusha_2016_00034-150x100.jpg 150w, https:\/\/elspeedo.cz\/wp-content\/uploads\/2019\/07\/katusha_2016_00034-768x512.jpg 768w, https:\/\/elspeedo.cz\/wp-content\/uploads\/2019\/07\/katusha_2016_00034-500x333.jpg 500w, https:\/\/elspeedo.cz\/wp-content\/uploads\/2019\/07\/katusha_2016_00034.jpg 800w\" sizes=\"auto, (max-width: 300px) 100vw, 300px\" \/> <img loading=\"lazy\" decoding=\"async\" class=\"alignnone size-medium wp-image-109933\" src=\"https:\/\/elspeedo.cz\/wp-content\/uploads\/2019\/07\/parasem2012_003-300x200.jpg\" alt=\"\" width=\"300\" height=\"200\" srcset=\"https:\/\/elspeedo.cz\/wp-content\/uploads\/2019\/07\/parasem2012_003-300x200.jpg 300w, https:\/\/elspeedo.cz\/wp-content\/uploads\/2019\/07\/parasem2012_003-150x100.jpg 150w, https:\/\/elspeedo.cz\/wp-content\/uploads\/2019\/07\/parasem2012_003-768x512.jpg 768w, https:\/\/elspeedo.cz\/wp-content\/uploads\/2019\/07\/parasem2012_003-500x333.jpg 500w, https:\/\/elspeedo.cz\/wp-content\/uploads\/2019\/07\/parasem2012_003.jpg 800w\" sizes=\"auto, (max-width: 300px) 100vw, 300px\" \/><\/p>\n<p>Od 2008 zagrali prawie 200 koncert\u00f3w na wi\u0119kszych i mniejszych scenach w Polsce i za granic\u0105 (Niemcy, Belgia, Czechy, Ukraina). Koncertowali na Przystanku Woodstock, Czad Festiwalu, Juwenaliach Krakowskich a tak\u017ce niezliczonych imprezach plenerowych i klubowych. Koncertuj\u0105 r\u00f3wnie\u017c w ramach Fina\u0142u Wielkiej Orkiestry \u015awi\u0105tecznej Pomocy. No i od wielu lat zapewniaj\u0105 opraw\u0119 muzyczn\u0105 podczas Biegu Rze\u017anika i ca\u0142ego Festiwalu biegu Rze\u017anika. S\u0105 autorami hymnu \u00a0&#8222;Rze\u017anik&#8221; i &#8222;Ofiarom trenera Klausa&#8221; .<\/p>\n<p><strong>Wiewi\u00f3rka Na Drzewie\u00a0rusza ponownie z projektem Wiewi\u00f3rstock! <\/strong><\/p>\n<p>W tym roku b\u0119d\u0105 to wyj\u0105tkowe (ju\u017c po raz 3) 10 urodziny tego\u017c zgromadzenia i w zwi\u0105zku z tym musi by\u0107 bardzo wyj\u0105tkowo!<br \/>\n2 sierpnia, Kostrzyn nad Odr\u0105, g\u00f3rka w lesie.<\/p>\n<p><img loading=\"lazy\" decoding=\"async\" class=\"alignnone size-medium wp-image-61826\" src=\"https:\/\/www.biegigorskie.pl\/wp-content\/uploads\/2019\/07\/0087-690x459.jpg\" alt=\"\" width=\"690\" height=\"459\" \/><\/p>\n<p style=\"text-align: justify\">Wiewi\u00f3rstock przez te wszystkie lata sta\u0142 si\u0119 wyj\u0105tkowym miejscem spotka\u0144 wielu ciekawych wykonawc\u00f3w z jeszcze ciekawsz\u0105, kolorow\u0105 publiczno\u015bci\u0105. Miejsce co roku budujemy od zera, ju\u017c tydzie\u0144 przed koncertami, w lesie pojawia si\u0119 Wiewi\u00f3rstockowa wiata wzniesiona r\u0119kami wiewi\u00f3rkowej bandy.<\/p>\n<p><strong>W tym roku spotkamy si\u0119 z:<\/strong><\/p>\n<ul>\n<li><a href=\"https:\/\/www.facebook.com\/kufajkarencisty\/\" target=\"_blank\" rel=\"noopener noreferrer\"><span style=\"color: #7940aa\"><span style=\"font-family: Open Sans, sans-serif\"><span style=\"font-size: small\">Kufajka Rencisty<\/span><\/span><\/span><\/a><\/li>\n<li><a href=\"https:\/\/www.facebook.com\/Gorgonzolla\/\" target=\"_blank\" rel=\"noopener noreferrer\"><span style=\"color: #7940aa\"><span style=\"font-family: Open Sans, sans-serif\"><span style=\"font-size: small\">Gorgonzolla<\/span><\/span><\/span><\/a><\/li>\n<li><a href=\"https:\/\/www.facebook.com\/dzentelmenels\/\" target=\"_blank\" rel=\"noopener noreferrer\"><span style=\"color: #7940aa\"><span style=\"font-family: Open Sans, sans-serif\"><span style=\"font-size: small\">D\u017centelmenels<\/span><\/span><\/span><\/a><\/li>\n<li><a href=\"https:\/\/www.facebook.com\/wiewiorkanadrzewie\/\" target=\"_blank\" rel=\"noopener noreferrer\"><span style=\"color: #7940aa\"><span style=\"font-family: Open Sans, sans-serif\"><span style=\"font-size: small\">Wiewi\u00f3rka Na Drzewie<\/span><\/span><\/span><\/a><\/li>\n<\/ul>\n<p>oraz ca\u0142y w\u00f3r fant\u00f3w, niespodzianek i dobrej zabawy&#8230;<\/p>\n<p><img loading=\"lazy\" decoding=\"async\" class=\"alignnone size-medium wp-image-61827\" src=\"https:\/\/www.biegigorskie.pl\/wp-content\/uploads\/2019\/07\/0079-690x459.jpg\" alt=\"\" width=\"690\" height=\"459\" \/><\/p>\n<p><strong>Cel projektu<\/strong><\/p>\n<p style=\"text-align: justify\">Je\u015bli chcesz oddycha\u0107 powietrzem ci\u0119\u017ckim od emocji, je\u015bli chcesz rozgrza\u0107 si\u0119 do czerwono\u015bci, je\u015bli interesujesz si\u0119 szalonym ta\u0144cem oraz dobr\u0105 muzyk\u0105, albo po prostu lubisz posiedzie\u0107 z zimnym piwkiem w cieniu to Wiewi\u00f3rstock jest miejscem w\u0142a\u015bnie dla Ciebie! Proste!<\/p>\n<p>Wspieraj\u0105c Wiewi\u00f3rstock pomo\u017cesz nam zbudowa\u0107 wiewi\u00f3rkow\u0105 wiosk\u0119, miejsce wiewi\u00f3rkowych muzycznych spotka\u0144!<\/p>\n<p style=\"text-align: justify\">Z roku na rok impreza si\u0119 rozrasta. Cieszymy si\u0119 z tego spotkania niezmiernie! Dzi\u0119ki Waszemu wsparciu stworzymy profesjonalnie zbudowane i bezpieczne miejsce. Podium, podesty, zadaszenie, zabezpieczenia, agregaty, transport.\u00a0Przywieziemy instrumenty muzyczne, zadbamy o sprz\u0119t i\u00a0nag\u0142o\u015bnienie, podniesiemy znacz\u0105co jako\u015b\u0107 spotka\u0144!<\/p>\n<p><img loading=\"lazy\" decoding=\"async\" class=\"alignnone size-medium wp-image-61828\" src=\"https:\/\/www.biegigorskie.pl\/wp-content\/uploads\/2019\/07\/0098-690x459.jpg\" alt=\"\" width=\"690\" height=\"459\" \/><\/p>\n<p style=\"text-align: justify\"><strong>Wiewi\u00f3rstock jest darmowy<\/strong>, ca\u0142a inicjatywa od lat powstaje z pasji i potrzeby jego organizator\u00f3w &#8211;\u00a0<strong>nie pobieramy \u017cadnych wynagrodze\u0144 za swoj\u0105 prac\u0119.<\/strong> Mo\u017cecie mie\u0107 pewno\u015b\u0107, \u017ce ca\u0142o\u015b\u0107 uzbieranych \u015brodk\u00f3w zostanie przeznaczona na koszta rzeczowe organizacji Wiewi\u00f3rstocku i mo\u017ce, po raz pierwszy w historii, b\u0119dziemy mogli odda\u0107 artystom koszty dojazdu! \ud83d\ude42<\/p>\n<p style=\"text-align: justify\">Aby by\u0142o jeszcze lepiej i jeszcze g\u0142o\u015bniej potrzebujemy niewielkiego wsparcia z Waszej strony. Musimy zrobi\u0107 to razem, bo sami mo\u017cemy nie da\u0107 rady.<br \/>\nWymieniamy z\u0142ot\u00f3wki na fanty: \ud83d\ude42<\/p>\n<p><strong>ZOBACZ:<\/strong> <a href=\"https:\/\/zrzutka.pl\/ub25z2\">https:\/\/zrzutka.pl\/ub25z2<\/a><\/p>\n<p>Gor\u0105co wspieramy projekt i zapa\u0142 zespo\u0142u Wiewi\u00f3rka Na Drzewie<br \/>\nEl Speedo Team!<\/p>\n","protected":false},"excerpt":{"rendered":"<p>Wi\u0119kszo\u015bci z Was Jezusa i Wiewi\u00f3rki Na Drzewie nie trzeba przedstawia\u0107. Graj\u0105 od ko\u0144ca 2008 roku a Jezus (Radek) jest z nami od 2009. Pojawi\u0142 si\u0119 na Parasemie w Mostech u Jablunkova 2009 i tak zosta\u0142o. Wiewi\u00f3rka na Drzewie zagra\u0142a wielokrotnie na Katushy i w Stolarni na Parasemach. Teraz mo\u017cesz im pom\u00f3c zorganizowa\u0107 Wiewi\u00f3stock: https:\/\/zrzutka.pl\/ub25z2 [&hellip;]<\/p>\n","protected":false},"author":3881,"featured_media":109897,"comment_status":"closed","ping_status":"closed","sticky":false,"template":"","format":"standard","meta":{"_tribe_blocks_recurrence_rules":"","_tribe_blocks_recurrence_exclusions":"","_tribe_blocks_recurrence_description":"","footnotes":""},"categories":[544],"tags":[],"class_list":["post-109896","post","type-post","status-publish","format-standard","has-post-thumbnail","hentry","category-artykuly"],"yoast_head":"<!-- This site is optimized with the Yoast SEO plugin v27.0 - https:\/\/yoast.com\/product\/yoast-seo-wordpress\/ -->\n<title>Wiewi\u00f3rka Na Drzewie i projekt Wiewi\u00f3rstock! &#8212; El Speedo<\/title>\n<meta name=\"description\" content=\"El Speedo je nejv\u011bt\u0161\u00ed paraglidingov\u00e1 komunita a \u0161kola v \u010cR. Tandemov\u00e9 seskoky, kurzy, expedice a paragliding v\u00fdbava\" \/>\n<meta name=\"robots\" content=\"index, follow, max-snippet:-1, max-image-preview:large, max-video-preview:-1\" \/>\n<link rel=\"canonical\" href=\"https:\/\/elspeedo.cz\/pl\/wiewiorka-na-drzewie-i-projekt-wiewiorstock\/\" \/>\n<meta property=\"og:locale\" content=\"pl_PL\" \/>\n<meta property=\"og:type\" content=\"article\" \/>\n<meta property=\"og:title\" content=\"Wiewi\u00f3rka Na Drzewie i projekt Wiewi\u00f3rstock! &#8212; El Speedo\" \/>\n<meta property=\"og:description\" content=\"El Speedo je nejv\u011bt\u0161\u00ed paraglidingov\u00e1 komunita a \u0161kola v \u010cR. Tandemov\u00e9 seskoky, kurzy, expedice a paragliding v\u00fdbava\" \/>\n<meta property=\"og:url\" content=\"https:\/\/elspeedo.cz\/pl\/wiewiorka-na-drzewie-i-projekt-wiewiorstock\/\" \/>\n<meta property=\"og:site_name\" content=\"El Speedo\" \/>\n<meta property=\"article:publisher\" content=\"http:\/\/www.facebook.com\/paragliding.elspeedo.cz\/?fref=ts\" \/>\n<meta property=\"article:published_time\" content=\"2019-07-10T07:18:19+00:00\" \/>\n<meta property=\"article:modified_time\" content=\"2019-07-10T07:33:20+00:00\" \/>\n<meta property=\"og:image\" content=\"https:\/\/elspeedo.cz\/wp-content\/uploads\/2019\/07\/0087-1.jpg\" \/>\n\t<meta property=\"og:image:width\" content=\"2048\" \/>\n\t<meta property=\"og:image:height\" content=\"1363\" \/>\n\t<meta property=\"og:image:type\" content=\"image\/jpeg\" \/>\n<meta name=\"author\" content=\"Radek Kuczy\u0144ski\" \/>\n<meta name=\"twitter:card\" content=\"summary_large_image\" \/>\n<meta name=\"twitter:label1\" content=\"Napisane przez\" \/>\n\t<meta name=\"twitter:data1\" content=\"Radek Kuczy\u0144ski\" \/>\n\t<meta name=\"twitter:label2\" content=\"Szacowany czas czytania\" \/>\n\t<meta name=\"twitter:data2\" content=\"2 minuty\" \/>\n<script type=\"application\/ld+json\" class=\"yoast-schema-graph\">{\"@context\":\"https:\/\/schema.org\",\"@graph\":[{\"@type\":\"Article\",\"@id\":\"https:\/\/elspeedo.cz\/pl\/wiewiorka-na-drzewie-i-projekt-wiewiorstock\/#article\",\"isPartOf\":{\"@id\":\"https:\/\/elspeedo.cz\/pl\/wiewiorka-na-drzewie-i-projekt-wiewiorstock\/\"},\"author\":{\"name\":\"Radek Kuczy\u0144ski\",\"@id\":\"https:\/\/elspeedo.cz\/#\/schema\/person\/3678fcd927cb32ef297c6352c1121ec3\"},\"headline\":\"Wiewi\u00f3rka Na Drzewie i projekt Wiewi\u00f3rstock!\",\"datePublished\":\"2019-07-10T07:18:19+00:00\",\"dateModified\":\"2019-07-10T07:33:20+00:00\",\"mainEntityOfPage\":{\"@id\":\"https:\/\/elspeedo.cz\/pl\/wiewiorka-na-drzewie-i-projekt-wiewiorstock\/\"},\"wordCount\":487,\"image\":{\"@id\":\"https:\/\/elspeedo.cz\/pl\/wiewiorka-na-drzewie-i-projekt-wiewiorstock\/#primaryimage\"},\"thumbnailUrl\":\"https:\/\/elspeedo.cz\/wp-content\/uploads\/2019\/07\/0087-1.jpg\",\"articleSection\":[\"Artykuly\"],\"inLanguage\":\"pl-PL\"},{\"@type\":\"WebPage\",\"@id\":\"https:\/\/elspeedo.cz\/pl\/wiewiorka-na-drzewie-i-projekt-wiewiorstock\/\",\"url\":\"https:\/\/elspeedo.cz\/pl\/wiewiorka-na-drzewie-i-projekt-wiewiorstock\/\",\"name\":\"Wiewi\u00f3rka Na Drzewie i projekt Wiewi\u00f3rstock! &#8212; El Speedo\",\"isPartOf\":{\"@id\":\"https:\/\/elspeedo.cz\/#website\"},\"primaryImageOfPage\":{\"@id\":\"https:\/\/elspeedo.cz\/pl\/wiewiorka-na-drzewie-i-projekt-wiewiorstock\/#primaryimage\"},\"image\":{\"@id\":\"https:\/\/elspeedo.cz\/pl\/wiewiorka-na-drzewie-i-projekt-wiewiorstock\/#primaryimage\"},\"thumbnailUrl\":\"https:\/\/elspeedo.cz\/wp-content\/uploads\/2019\/07\/0087-1.jpg\",\"datePublished\":\"2019-07-10T07:18:19+00:00\",\"dateModified\":\"2019-07-10T07:33:20+00:00\",\"author\":{\"@id\":\"https:\/\/elspeedo.cz\/#\/schema\/person\/3678fcd927cb32ef297c6352c1121ec3\"},\"description\":\"El Speedo je nejv\u011bt\u0161\u00ed paraglidingov\u00e1 komunita a \u0161kola v \u010cR. Tandemov\u00e9 seskoky, kurzy, expedice a paragliding v\u00fdbava\",\"breadcrumb\":{\"@id\":\"https:\/\/elspeedo.cz\/pl\/wiewiorka-na-drzewie-i-projekt-wiewiorstock\/#breadcrumb\"},\"inLanguage\":\"pl-PL\",\"potentialAction\":[{\"@type\":\"ReadAction\",\"target\":[\"https:\/\/elspeedo.cz\/pl\/wiewiorka-na-drzewie-i-projekt-wiewiorstock\/\"]}]},{\"@type\":\"ImageObject\",\"inLanguage\":\"pl-PL\",\"@id\":\"https:\/\/elspeedo.cz\/pl\/wiewiorka-na-drzewie-i-projekt-wiewiorstock\/#primaryimage\",\"url\":\"https:\/\/elspeedo.cz\/wp-content\/uploads\/2019\/07\/0087-1.jpg\",\"contentUrl\":\"https:\/\/elspeedo.cz\/wp-content\/uploads\/2019\/07\/0087-1.jpg\",\"width\":2048,\"height\":1363},{\"@type\":\"BreadcrumbList\",\"@id\":\"https:\/\/elspeedo.cz\/pl\/wiewiorka-na-drzewie-i-projekt-wiewiorstock\/#breadcrumb\",\"itemListElement\":[{\"@type\":\"ListItem\",\"position\":1,\"name\":\"Dom\u016f\",\"item\":\"https:\/\/elspeedo.cz\/pl\/\"},{\"@type\":\"ListItem\",\"position\":2,\"name\":\"Wiewi\u00f3rka Na Drzewie i projekt Wiewi\u00f3rstock!\"}]},{\"@type\":\"WebSite\",\"@id\":\"https:\/\/elspeedo.cz\/#website\",\"url\":\"https:\/\/elspeedo.cz\/\",\"name\":\"El Speedo\",\"description\":\"Paragliding - kurzy, vybaven\u00ed, v\u00fdlety, komunita\",\"potentialAction\":[{\"@type\":\"SearchAction\",\"target\":{\"@type\":\"EntryPoint\",\"urlTemplate\":\"https:\/\/elspeedo.cz\/?s={search_term_string}\"},\"query-input\":{\"@type\":\"PropertyValueSpecification\",\"valueRequired\":true,\"valueName\":\"search_term_string\"}}],\"inLanguage\":\"pl-PL\"},{\"@type\":\"Person\",\"@id\":\"https:\/\/elspeedo.cz\/#\/schema\/person\/3678fcd927cb32ef297c6352c1121ec3\",\"name\":\"Radek Kuczy\u0144ski\",\"image\":{\"@type\":\"ImageObject\",\"inLanguage\":\"pl-PL\",\"@id\":\"https:\/\/elspeedo.cz\/#\/schema\/person\/image\/\",\"url\":\"https:\/\/secure.gravatar.com\/avatar\/f3536cb46f20a6c26bba36e79743fd0374f19767f5f6d2de76fc3ba71f8e408e?s=96&d=mm&r=g\",\"contentUrl\":\"https:\/\/secure.gravatar.com\/avatar\/f3536cb46f20a6c26bba36e79743fd0374f19767f5f6d2de76fc3ba71f8e408e?s=96&d=mm&r=g\",\"caption\":\"Radek Kuczy\u0144ski\"},\"url\":\"https:\/\/elspeedo.cz\/pl\/author\/radekkuczynski\/\"}]}<\/script>\n<!-- \/ Yoast SEO plugin. -->","yoast_head_json":{"title":"Wiewi\u00f3rka Na Drzewie i projekt Wiewi\u00f3rstock! &#8212; El Speedo","description":"El Speedo je nejv\u011bt\u0161\u00ed paraglidingov\u00e1 komunita a \u0161kola v \u010cR. Tandemov\u00e9 seskoky, kurzy, expedice a paragliding v\u00fdbava","robots":{"index":"index","follow":"follow","max-snippet":"max-snippet:-1","max-image-preview":"max-image-preview:large","max-video-preview":"max-video-preview:-1"},"canonical":"https:\/\/elspeedo.cz\/pl\/wiewiorka-na-drzewie-i-projekt-wiewiorstock\/","og_locale":"pl_PL","og_type":"article","og_title":"Wiewi\u00f3rka Na Drzewie i projekt Wiewi\u00f3rstock! &#8212; El Speedo","og_description":"El Speedo je nejv\u011bt\u0161\u00ed paraglidingov\u00e1 komunita a \u0161kola v \u010cR. Tandemov\u00e9 seskoky, kurzy, expedice a paragliding v\u00fdbava","og_url":"https:\/\/elspeedo.cz\/pl\/wiewiorka-na-drzewie-i-projekt-wiewiorstock\/","og_site_name":"El Speedo","article_publisher":"http:\/\/www.facebook.com\/paragliding.elspeedo.cz\/?fref=ts","article_published_time":"2019-07-10T07:18:19+00:00","article_modified_time":"2019-07-10T07:33:20+00:00","og_image":[{"width":2048,"height":1363,"url":"https:\/\/elspeedo.cz\/wp-content\/uploads\/2019\/07\/0087-1.jpg","type":"image\/jpeg"}],"author":"Radek Kuczy\u0144ski","twitter_card":"summary_large_image","twitter_misc":{"Napisane przez":"Radek Kuczy\u0144ski","Szacowany czas czytania":"2 minuty"},"schema":{"@context":"https:\/\/schema.org","@graph":[{"@type":"Article","@id":"https:\/\/elspeedo.cz\/pl\/wiewiorka-na-drzewie-i-projekt-wiewiorstock\/#article","isPartOf":{"@id":"https:\/\/elspeedo.cz\/pl\/wiewiorka-na-drzewie-i-projekt-wiewiorstock\/"},"author":{"name":"Radek Kuczy\u0144ski","@id":"https:\/\/elspeedo.cz\/#\/schema\/person\/3678fcd927cb32ef297c6352c1121ec3"},"headline":"Wiewi\u00f3rka Na Drzewie i projekt Wiewi\u00f3rstock!","datePublished":"2019-07-10T07:18:19+00:00","dateModified":"2019-07-10T07:33:20+00:00","mainEntityOfPage":{"@id":"https:\/\/elspeedo.cz\/pl\/wiewiorka-na-drzewie-i-projekt-wiewiorstock\/"},"wordCount":487,"image":{"@id":"https:\/\/elspeedo.cz\/pl\/wiewiorka-na-drzewie-i-projekt-wiewiorstock\/#primaryimage"},"thumbnailUrl":"https:\/\/elspeedo.cz\/wp-content\/uploads\/2019\/07\/0087-1.jpg","articleSection":["Artykuly"],"inLanguage":"pl-PL"},{"@type":"WebPage","@id":"https:\/\/elspeedo.cz\/pl\/wiewiorka-na-drzewie-i-projekt-wiewiorstock\/","url":"https:\/\/elspeedo.cz\/pl\/wiewiorka-na-drzewie-i-projekt-wiewiorstock\/","name":"Wiewi\u00f3rka Na Drzewie i projekt Wiewi\u00f3rstock! &#8212; El Speedo","isPartOf":{"@id":"https:\/\/elspeedo.cz\/#website"},"primaryImageOfPage":{"@id":"https:\/\/elspeedo.cz\/pl\/wiewiorka-na-drzewie-i-projekt-wiewiorstock\/#primaryimage"},"image":{"@id":"https:\/\/elspeedo.cz\/pl\/wiewiorka-na-drzewie-i-projekt-wiewiorstock\/#primaryimage"},"thumbnailUrl":"https:\/\/elspeedo.cz\/wp-content\/uploads\/2019\/07\/0087-1.jpg","datePublished":"2019-07-10T07:18:19+00:00","dateModified":"2019-07-10T07:33:20+00:00","author":{"@id":"https:\/\/elspeedo.cz\/#\/schema\/person\/3678fcd927cb32ef297c6352c1121ec3"},"description":"El Speedo je nejv\u011bt\u0161\u00ed paraglidingov\u00e1 komunita a \u0161kola v \u010cR. Tandemov\u00e9 seskoky, kurzy, expedice a paragliding v\u00fdbava","breadcrumb":{"@id":"https:\/\/elspeedo.cz\/pl\/wiewiorka-na-drzewie-i-projekt-wiewiorstock\/#breadcrumb"},"inLanguage":"pl-PL","potentialAction":[{"@type":"ReadAction","target":["https:\/\/elspeedo.cz\/pl\/wiewiorka-na-drzewie-i-projekt-wiewiorstock\/"]}]},{"@type":"ImageObject","inLanguage":"pl-PL","@id":"https:\/\/elspeedo.cz\/pl\/wiewiorka-na-drzewie-i-projekt-wiewiorstock\/#primaryimage","url":"https:\/\/elspeedo.cz\/wp-content\/uploads\/2019\/07\/0087-1.jpg","contentUrl":"https:\/\/elspeedo.cz\/wp-content\/uploads\/2019\/07\/0087-1.jpg","width":2048,"height":1363},{"@type":"BreadcrumbList","@id":"https:\/\/elspeedo.cz\/pl\/wiewiorka-na-drzewie-i-projekt-wiewiorstock\/#breadcrumb","itemListElement":[{"@type":"ListItem","position":1,"name":"Dom\u016f","item":"https:\/\/elspeedo.cz\/pl\/"},{"@type":"ListItem","position":2,"name":"Wiewi\u00f3rka Na Drzewie i projekt Wiewi\u00f3rstock!"}]},{"@type":"WebSite","@id":"https:\/\/elspeedo.cz\/#website","url":"https:\/\/elspeedo.cz\/","name":"El Speedo","description":"Paragliding - kurzy, vybaven\u00ed, v\u00fdlety, komunita","potentialAction":[{"@type":"SearchAction","target":{"@type":"EntryPoint","urlTemplate":"https:\/\/elspeedo.cz\/?s={search_term_string}"},"query-input":{"@type":"PropertyValueSpecification","valueRequired":true,"valueName":"search_term_string"}}],"inLanguage":"pl-PL"},{"@type":"Person","@id":"https:\/\/elspeedo.cz\/#\/schema\/person\/3678fcd927cb32ef297c6352c1121ec3","name":"Radek Kuczy\u0144ski","image":{"@type":"ImageObject","inLanguage":"pl-PL","@id":"https:\/\/elspeedo.cz\/#\/schema\/person\/image\/","url":"https:\/\/secure.gravatar.com\/avatar\/f3536cb46f20a6c26bba36e79743fd0374f19767f5f6d2de76fc3ba71f8e408e?s=96&d=mm&r=g","contentUrl":"https:\/\/secure.gravatar.com\/avatar\/f3536cb46f20a6c26bba36e79743fd0374f19767f5f6d2de76fc3ba71f8e408e?s=96&d=mm&r=g","caption":"Radek Kuczy\u0144ski"},"url":"https:\/\/elspeedo.cz\/pl\/author\/radekkuczynski\/"}]}},"_links":{"self":[{"href":"https:\/\/elspeedo.cz\/pl\/wp-json\/wp\/v2\/posts\/109896","targetHints":{"allow":["GET"]}}],"collection":[{"href":"https:\/\/elspeedo.cz\/pl\/wp-json\/wp\/v2\/posts"}],"about":[{"href":"https:\/\/elspeedo.cz\/pl\/wp-json\/wp\/v2\/types\/post"}],"author":[{"embeddable":true,"href":"https:\/\/elspeedo.cz\/pl\/wp-json\/wp\/v2\/users\/3881"}],"replies":[{"embeddable":true,"href":"https:\/\/elspeedo.cz\/pl\/wp-json\/wp\/v2\/comments?post=109896"}],"version-history":[{"count":0,"href":"https:\/\/elspeedo.cz\/pl\/wp-json\/wp\/v2\/posts\/109896\/revisions"}],"wp:featuredmedia":[{"embeddable":true,"href":"https:\/\/elspeedo.cz\/pl\/wp-json\/wp\/v2\/media\/109897"}],"wp:attachment":[{"href":"https:\/\/elspeedo.cz\/pl\/wp-json\/wp\/v2\/media?parent=109896"}],"wp:term":[{"taxonomy":"category","embeddable":true,"href":"https:\/\/elspeedo.cz\/pl\/wp-json\/wp\/v2\/categories?post=109896"},{"taxonomy":"post_tag","embeddable":true,"href":"https:\/\/elspeedo.cz\/pl\/wp-json\/wp\/v2\/tags?post=109896"}],"curies":[{"name":"wp","href":"https:\/\/api.w.org\/{rel}","templated":true}]}}