{"id":15252,"date":"2016-12-07T19:43:14","date_gmt":"2016-12-07T18:43:14","guid":{"rendered":"https:\/\/elspeedo.cz\/3-8-klouzavost-a-opadani\/"},"modified":"2016-12-09T22:24:29","modified_gmt":"2016-12-09T21:24:29","slug":"3-8-klouzavost-a-opadani","status":"publish","type":"post","link":"https:\/\/elspeedo.cz\/pl\/3-8-klouzavost-a-opadani\/","title":{"rendered":"3.8.   Doskona\u0142o\u015b\u0107 i opadanie"},"content":{"rendered":"<div class=\"wpb-content-wrapper\">[vc_row][vc_column width=&#8221;1\/2&#8243;][vc_single_image image=&#8221;14630&#8243; img_size=&#8221;full&#8221; alignment=&#8221;center&#8221; style=&#8221;vc_box_rounded&#8221;][\/vc_column][vc_column width=&#8221;1\/2&#8243; css=&#8221;.vc_custom_1481123032091{padding-top: 20px !important;}&#8221;][vc_column_text]\n<p style=\"text-align: center;\"><strong>Doskona\u0142o\u015b\u0107<\/strong><\/p>\n<p>jest terminem, kt\u00f3ry okre\u015b\u0142a, na jak\u0105 odleg\u0142o\u015b\u0107 skrzyd\u0142o doszybuje w stosunku do utraty wysoko\u015bci, czy te\u017c jaki jest k\u0105t szybowania. Pod wyg\u0142edem aerodynamiczny oznacza ona stosunek si\u0142y no\u015bnej do op\u00f3ru.<\/p>\n[\/vc_column_text][vc_column_text]\n<p style=\"text-align: center;\"><strong>Wiatr zmienia doskona\u0142o\u015bc paralotni wyg\u0142\u0119dem Ziemi.<\/strong><\/p>\n<p>Skrzyd\u0142o, lec\u0105ce pod wiatr, pod wzg\u0142\u0119dem Ziemi zwolni i doskona\u0142o\u015b\u0107 zma\u0142eje. Natomiast skrzyd\u0142o, lec\u0105ce z wiatrem w plecy wzg\u0142\u0119dem Ziemi przyspieszy i doskona\u0142o\u015b\u0107 jest wi\u0119ksza.<br \/>\nWe wznoszeniu (pr\u0105d powietrza unoszaj\u0105cy si\u0119 do g\u00f3ry) doskona\u0142o\u015b\u0107 ro\u015bnie i dostaje si\u0119 do i\u0142o\u015bci ujemnej, kiedy wysoko\u015b\u0107 nabieramy.<br \/>\nW duszeniach (pr\u0105dy spadaj\u0105ce na d\u00f3l) doskona\u0142o\u015b\u0107 wzg\u0142\u0119dem Ziemi ma\u0142eje.<\/p>\n[\/vc_column_text][\/vc_column][\/vc_row][vc_row][vc_column css=&#8221;.vc_custom_1481132072402{padding-top: 40px !important;}&#8221;][vc_separator el_width=&#8221;80&#8243; el_class=&#8221;basic-separator&#8221; css=&#8221;.vc_custom_1481123970806{padding-top: 40px !important;padding-bottom: 40px !important;}&#8221;][\/vc_column][vc_column width=&#8221;1\/2&#8243;][vc_single_image image=&#8221;14631&#8243; img_size=&#8221;full&#8221; alignment=&#8221;center&#8221; style=&#8221;vc_box_rounded&#8221;][\/vc_column][vc_column width=&#8221;1\/2&#8243;][vc_column_text]\n<p style=\"text-align: center;\">Doskona\u0142o\u015b\u0107 1:6 znaczy, \u017ce paralotnia z wysoko\u015bci 1 km doszybuje do od\u0142eg\u0142o\u015bci 6 km. Po uleceniu na odleg\u0142o\u015b\u0107 5 km pozostaje jeszcze wysoko\u015b\u0107 167 m.<\/p>\n[\/vc_column_text][\/vc_column][\/vc_row]\n<\/div>","protected":false},"excerpt":{"rendered":"<p>[vc_row][vc_column width=&#8221;1\/2&#8243;][vc_single_image image=&#8221;14630&#8243; img_size=&#8221;full&#8221; alignment=&#8221;center&#8221; style=&#8221;vc_box_rounded&#8221;][\/vc_column][vc_column width=&#8221;1\/2&#8243; css=&#8221;.vc_custom_1481123032091{padding-top: 20px !important;}&#8221;][vc_column_text] Doskona\u0142o\u015b\u0107 jest terminem, kt\u00f3ry okre\u015b\u0142a, na jak\u0105 odleg\u0142o\u015b\u0107 skrzyd\u0142o doszybuje w stosunku do utraty wysoko\u015bci, czy te\u017c jaki jest k\u0105t szybowania. Pod wyg\u0142edem aerodynamiczny oznacza ona stosunek si\u0142y no\u015bnej do op\u00f3ru. [\/vc_column_text][vc_column_text] Wiatr zmienia doskona\u0142o\u015bc paralotni wyg\u0142\u0119dem Ziemi. Skrzyd\u0142o, lec\u0105ce pod wiatr, pod wzg\u0142\u0119dem Ziemi [&hellip;]<\/p>\n","protected":false},"author":7,"featured_media":0,"comment_status":"open","ping_status":"open","sticky":false,"template":"","format":"standard","meta":{"_tribe_blocks_recurrence_rules":"","_tribe_blocks_recurrence_exclusions":"","_tribe_blocks_recurrence_description":"","footnotes":""},"categories":[329],"tags":[],"class_list":["post-15252","post","type-post","status-publish","format-standard","hentry","category-bez-kategorie-pl"],"yoast_head":"<!-- This site is optimized with the Yoast SEO plugin v27.0 - https:\/\/yoast.com\/product\/yoast-seo-wordpress\/ -->\n<title>3.8.  Doskona\u0142o\u015b\u0107 i opadanie &#8212; El Speedo<\/title>\n<meta name=\"description\" content=\"El Speedo je nejv\u011bt\u0161\u00ed paraglidingov\u00e1 komunita a \u0161kola v \u010cR. Tandemov\u00e9 seskoky, kurzy, expedice a paragliding v\u00fdbava\" \/>\n<meta name=\"robots\" content=\"index, follow, max-snippet:-1, max-image-preview:large, max-video-preview:-1\" \/>\n<link rel=\"canonical\" href=\"https:\/\/elspeedo.cz\/pl\/3-8-klouzavost-a-opadani\/\" \/>\n<meta property=\"og:locale\" content=\"pl_PL\" \/>\n<meta property=\"og:type\" content=\"article\" \/>\n<meta property=\"og:title\" content=\"3.8.  Doskona\u0142o\u015b\u0107 i opadanie &#8212; El Speedo\" \/>\n<meta property=\"og:description\" content=\"El Speedo je nejv\u011bt\u0161\u00ed paraglidingov\u00e1 komunita a \u0161kola v \u010cR. Tandemov\u00e9 seskoky, kurzy, expedice a paragliding v\u00fdbava\" \/>\n<meta property=\"og:url\" content=\"https:\/\/elspeedo.cz\/pl\/3-8-klouzavost-a-opadani\/\" \/>\n<meta property=\"og:site_name\" content=\"El Speedo\" \/>\n<meta property=\"article:publisher\" content=\"http:\/\/www.facebook.com\/paragliding.elspeedo.cz\/?fref=ts\" \/>\n<meta property=\"article:published_time\" content=\"2016-12-07T18:43:14+00:00\" \/>\n<meta property=\"article:modified_time\" content=\"2016-12-09T21:24:29+00:00\" \/>\n<meta name=\"author\" content=\"Jan Stan\u00edk\" \/>\n<meta name=\"twitter:card\" content=\"summary_large_image\" \/>\n<meta name=\"twitter:label1\" content=\"Napisane przez\" \/>\n\t<meta name=\"twitter:data1\" content=\"Jan Stan\u00edk\" \/>\n\t<meta name=\"twitter:label2\" content=\"Szacowany czas czytania\" \/>\n\t<meta name=\"twitter:data2\" content=\"1 minuta\" \/>\n<script type=\"application\/ld+json\" class=\"yoast-schema-graph\">{\"@context\":\"https:\/\/schema.org\",\"@graph\":[{\"@type\":\"Article\",\"@id\":\"https:\/\/elspeedo.cz\/pl\/3-8-klouzavost-a-opadani\/#article\",\"isPartOf\":{\"@id\":\"https:\/\/elspeedo.cz\/pl\/3-8-klouzavost-a-opadani\/\"},\"author\":{\"name\":\"Jan Stan\u00edk\",\"@id\":\"https:\/\/elspeedo.cz\/#\/schema\/person\/45901781843d90a2f969df787a8a7ca3\"},\"headline\":\"3.8. Doskona\u0142o\u015b\u0107 i opadanie\",\"datePublished\":\"2016-12-07T18:43:14+00:00\",\"dateModified\":\"2016-12-09T21:24:29+00:00\",\"mainEntityOfPage\":{\"@id\":\"https:\/\/elspeedo.cz\/pl\/3-8-klouzavost-a-opadani\/\"},\"wordCount\":262,\"commentCount\":0,\"articleSection\":[\"Bez kategorie\"],\"inLanguage\":\"pl-PL\",\"potentialAction\":[{\"@type\":\"CommentAction\",\"name\":\"Comment\",\"target\":[\"https:\/\/elspeedo.cz\/pl\/3-8-klouzavost-a-opadani\/#respond\"]}]},{\"@type\":\"WebPage\",\"@id\":\"https:\/\/elspeedo.cz\/pl\/3-8-klouzavost-a-opadani\/\",\"url\":\"https:\/\/elspeedo.cz\/pl\/3-8-klouzavost-a-opadani\/\",\"name\":\"3.8. Doskona\u0142o\u015b\u0107 i opadanie &#8212; El Speedo\",\"isPartOf\":{\"@id\":\"https:\/\/elspeedo.cz\/#website\"},\"datePublished\":\"2016-12-07T18:43:14+00:00\",\"dateModified\":\"2016-12-09T21:24:29+00:00\",\"author\":{\"@id\":\"https:\/\/elspeedo.cz\/#\/schema\/person\/45901781843d90a2f969df787a8a7ca3\"},\"description\":\"El Speedo je nejv\u011bt\u0161\u00ed paraglidingov\u00e1 komunita a \u0161kola v \u010cR. Tandemov\u00e9 seskoky, kurzy, expedice a paragliding v\u00fdbava\",\"breadcrumb\":{\"@id\":\"https:\/\/elspeedo.cz\/pl\/3-8-klouzavost-a-opadani\/#breadcrumb\"},\"inLanguage\":\"pl-PL\",\"potentialAction\":[{\"@type\":\"ReadAction\",\"target\":[\"https:\/\/elspeedo.cz\/pl\/3-8-klouzavost-a-opadani\/\"]}]},{\"@type\":\"BreadcrumbList\",\"@id\":\"https:\/\/elspeedo.cz\/pl\/3-8-klouzavost-a-opadani\/#breadcrumb\",\"itemListElement\":[{\"@type\":\"ListItem\",\"position\":1,\"name\":\"Dom\u016f\",\"item\":\"https:\/\/elspeedo.cz\/pl\/\"},{\"@type\":\"ListItem\",\"position\":2,\"name\":\"3.8. Doskona\u0142o\u015b\u0107 i opadanie\"}]},{\"@type\":\"WebSite\",\"@id\":\"https:\/\/elspeedo.cz\/#website\",\"url\":\"https:\/\/elspeedo.cz\/\",\"name\":\"El Speedo\",\"description\":\"Paragliding - kurzy, vybaven\u00ed, v\u00fdlety, komunita\",\"potentialAction\":[{\"@type\":\"SearchAction\",\"target\":{\"@type\":\"EntryPoint\",\"urlTemplate\":\"https:\/\/elspeedo.cz\/?s={search_term_string}\"},\"query-input\":{\"@type\":\"PropertyValueSpecification\",\"valueRequired\":true,\"valueName\":\"search_term_string\"}}],\"inLanguage\":\"pl-PL\"},{\"@type\":\"Person\",\"@id\":\"https:\/\/elspeedo.cz\/#\/schema\/person\/45901781843d90a2f969df787a8a7ca3\",\"name\":\"Jan Stan\u00edk\",\"image\":{\"@type\":\"ImageObject\",\"inLanguage\":\"pl-PL\",\"@id\":\"https:\/\/elspeedo.cz\/#\/schema\/person\/image\/\",\"url\":\"https:\/\/secure.gravatar.com\/avatar\/42f24e08e5a57d4f8c3c30f68f9e3c30fd9c30a4c99f74f17085186f4a289b26?s=96&d=mm&r=g\",\"contentUrl\":\"https:\/\/secure.gravatar.com\/avatar\/42f24e08e5a57d4f8c3c30f68f9e3c30fd9c30a4c99f74f17085186f4a289b26?s=96&d=mm&r=g\",\"caption\":\"Jan Stan\u00edk\"},\"sameAs\":[\"https:\/\/elspeedo.cz\"],\"url\":\"https:\/\/elspeedo.cz\/pl\/author\/honza\/\"}]}<\/script>\n<!-- \/ Yoast SEO plugin. -->","yoast_head_json":{"title":"3.8.  Doskona\u0142o\u015b\u0107 i opadanie &#8212; El Speedo","description":"El Speedo je nejv\u011bt\u0161\u00ed paraglidingov\u00e1 komunita a \u0161kola v \u010cR. Tandemov\u00e9 seskoky, kurzy, expedice a paragliding v\u00fdbava","robots":{"index":"index","follow":"follow","max-snippet":"max-snippet:-1","max-image-preview":"max-image-preview:large","max-video-preview":"max-video-preview:-1"},"canonical":"https:\/\/elspeedo.cz\/pl\/3-8-klouzavost-a-opadani\/","og_locale":"pl_PL","og_type":"article","og_title":"3.8.  Doskona\u0142o\u015b\u0107 i opadanie &#8212; El Speedo","og_description":"El Speedo je nejv\u011bt\u0161\u00ed paraglidingov\u00e1 komunita a \u0161kola v \u010cR. Tandemov\u00e9 seskoky, kurzy, expedice a paragliding v\u00fdbava","og_url":"https:\/\/elspeedo.cz\/pl\/3-8-klouzavost-a-opadani\/","og_site_name":"El Speedo","article_publisher":"http:\/\/www.facebook.com\/paragliding.elspeedo.cz\/?fref=ts","article_published_time":"2016-12-07T18:43:14+00:00","article_modified_time":"2016-12-09T21:24:29+00:00","author":"Jan Stan\u00edk","twitter_card":"summary_large_image","twitter_misc":{"Napisane przez":"Jan Stan\u00edk","Szacowany czas czytania":"1 minuta"},"schema":{"@context":"https:\/\/schema.org","@graph":[{"@type":"Article","@id":"https:\/\/elspeedo.cz\/pl\/3-8-klouzavost-a-opadani\/#article","isPartOf":{"@id":"https:\/\/elspeedo.cz\/pl\/3-8-klouzavost-a-opadani\/"},"author":{"name":"Jan Stan\u00edk","@id":"https:\/\/elspeedo.cz\/#\/schema\/person\/45901781843d90a2f969df787a8a7ca3"},"headline":"3.8. Doskona\u0142o\u015b\u0107 i opadanie","datePublished":"2016-12-07T18:43:14+00:00","dateModified":"2016-12-09T21:24:29+00:00","mainEntityOfPage":{"@id":"https:\/\/elspeedo.cz\/pl\/3-8-klouzavost-a-opadani\/"},"wordCount":262,"commentCount":0,"articleSection":["Bez kategorie"],"inLanguage":"pl-PL","potentialAction":[{"@type":"CommentAction","name":"Comment","target":["https:\/\/elspeedo.cz\/pl\/3-8-klouzavost-a-opadani\/#respond"]}]},{"@type":"WebPage","@id":"https:\/\/elspeedo.cz\/pl\/3-8-klouzavost-a-opadani\/","url":"https:\/\/elspeedo.cz\/pl\/3-8-klouzavost-a-opadani\/","name":"3.8. Doskona\u0142o\u015b\u0107 i opadanie &#8212; El Speedo","isPartOf":{"@id":"https:\/\/elspeedo.cz\/#website"},"datePublished":"2016-12-07T18:43:14+00:00","dateModified":"2016-12-09T21:24:29+00:00","author":{"@id":"https:\/\/elspeedo.cz\/#\/schema\/person\/45901781843d90a2f969df787a8a7ca3"},"description":"El Speedo je nejv\u011bt\u0161\u00ed paraglidingov\u00e1 komunita a \u0161kola v \u010cR. Tandemov\u00e9 seskoky, kurzy, expedice a paragliding v\u00fdbava","breadcrumb":{"@id":"https:\/\/elspeedo.cz\/pl\/3-8-klouzavost-a-opadani\/#breadcrumb"},"inLanguage":"pl-PL","potentialAction":[{"@type":"ReadAction","target":["https:\/\/elspeedo.cz\/pl\/3-8-klouzavost-a-opadani\/"]}]},{"@type":"BreadcrumbList","@id":"https:\/\/elspeedo.cz\/pl\/3-8-klouzavost-a-opadani\/#breadcrumb","itemListElement":[{"@type":"ListItem","position":1,"name":"Dom\u016f","item":"https:\/\/elspeedo.cz\/pl\/"},{"@type":"ListItem","position":2,"name":"3.8. Doskona\u0142o\u015b\u0107 i opadanie"}]},{"@type":"WebSite","@id":"https:\/\/elspeedo.cz\/#website","url":"https:\/\/elspeedo.cz\/","name":"El Speedo","description":"Paragliding - kurzy, vybaven\u00ed, v\u00fdlety, komunita","potentialAction":[{"@type":"SearchAction","target":{"@type":"EntryPoint","urlTemplate":"https:\/\/elspeedo.cz\/?s={search_term_string}"},"query-input":{"@type":"PropertyValueSpecification","valueRequired":true,"valueName":"search_term_string"}}],"inLanguage":"pl-PL"},{"@type":"Person","@id":"https:\/\/elspeedo.cz\/#\/schema\/person\/45901781843d90a2f969df787a8a7ca3","name":"Jan Stan\u00edk","image":{"@type":"ImageObject","inLanguage":"pl-PL","@id":"https:\/\/elspeedo.cz\/#\/schema\/person\/image\/","url":"https:\/\/secure.gravatar.com\/avatar\/42f24e08e5a57d4f8c3c30f68f9e3c30fd9c30a4c99f74f17085186f4a289b26?s=96&d=mm&r=g","contentUrl":"https:\/\/secure.gravatar.com\/avatar\/42f24e08e5a57d4f8c3c30f68f9e3c30fd9c30a4c99f74f17085186f4a289b26?s=96&d=mm&r=g","caption":"Jan Stan\u00edk"},"sameAs":["https:\/\/elspeedo.cz"],"url":"https:\/\/elspeedo.cz\/pl\/author\/honza\/"}]}},"_links":{"self":[{"href":"https:\/\/elspeedo.cz\/pl\/wp-json\/wp\/v2\/posts\/15252","targetHints":{"allow":["GET"]}}],"collection":[{"href":"https:\/\/elspeedo.cz\/pl\/wp-json\/wp\/v2\/posts"}],"about":[{"href":"https:\/\/elspeedo.cz\/pl\/wp-json\/wp\/v2\/types\/post"}],"author":[{"embeddable":true,"href":"https:\/\/elspeedo.cz\/pl\/wp-json\/wp\/v2\/users\/7"}],"replies":[{"embeddable":true,"href":"https:\/\/elspeedo.cz\/pl\/wp-json\/wp\/v2\/comments?post=15252"}],"version-history":[{"count":0,"href":"https:\/\/elspeedo.cz\/pl\/wp-json\/wp\/v2\/posts\/15252\/revisions"}],"wp:attachment":[{"href":"https:\/\/elspeedo.cz\/pl\/wp-json\/wp\/v2\/media?parent=15252"}],"wp:term":[{"taxonomy":"category","embeddable":true,"href":"https:\/\/elspeedo.cz\/pl\/wp-json\/wp\/v2\/categories?post=15252"},{"taxonomy":"post_tag","embeddable":true,"href":"https:\/\/elspeedo.cz\/pl\/wp-json\/wp\/v2\/tags?post=15252"}],"curies":[{"name":"wp","href":"https:\/\/api.w.org\/{rel}","templated":true}]}}