{"id":15284,"date":"2016-12-08T09:59:19","date_gmt":"2016-12-08T08:59:19","guid":{"rendered":"https:\/\/elspeedo.cz\/4-5-cyklona-a-frontalni-system\/"},"modified":"2016-12-09T22:54:49","modified_gmt":"2016-12-09T21:54:49","slug":"4-5-cyklona-a-frontalni-system","status":"publish","type":"post","link":"https:\/\/elspeedo.cz\/pl\/4-5-cyklona-a-frontalni-system\/","title":{"rendered":"4.5.   Cykl\u00f3na a front\u00e1ln\u00ed syst\u00e9m"},"content":{"rendered":"<div class=\"wpb-content-wrapper\">[vc_row][vc_column width=&#8221;1\/2&#8243;][vc_single_image image=&#8221;14796&#8243; img_size=&#8221;full&#8221; alignment=&#8221;center&#8221; style=&#8221;vc_box_rounded&#8221;][\/vc_column][vc_column width=&#8221;1\/2&#8243;][vc_column_text]<strong>Cyklon<\/strong> jest terminem okre\u015blaj\u0105cym po\u0142\u0105czenie ni\u017cu barycznego z systemem front\u00f3w atmosferycznych.<\/p>\n<p><strong>Front atmosferyczny<\/strong> powstaje na granicy dw\u00f3ch mas powietrza, kt\u00f3re r\u00f3\u017cni\u0105 si\u0119 swoimi w\u0142a\u015bciwo\u015bciami fizycznymi, szczeg\u00f3lnie temperatur\u0105 i wilgotno\u015bci\u0105.<br \/>\n<strong>Wycinek ciep\u0142y<\/strong> jest cz\u0119\u015bci\u0105 cyklonu mi\u0119dzy frontem ciep\u0142ym i zimnym.<\/p>\n<p><strong>Front zimny porusza si\u0119 wi\u0119ksz\u0105 pr\u0119dko\u015bci\u0105 ni\u017c front ciep\u0142y<\/strong>, przez to zw\u0119\u017ca wycinek ciep\u0142y cyklonu i ciep\u0142e powietrze owego wycinku zostaje wycisni\u0119te do wi\u0119kszej wysoko\u015bci. Ten proces nazywa si\u0119 <strong>okluzj\u0105 cyklonu<\/strong>.<br \/>\n<strong>Front quasi stacjonarny<\/strong> jest frontem atmosferycznym, kt\u00f3ry si\u0119 nie porusza, lub porusza si\u0119 powoli.<\/p>\n<div>Front zimny na mapach synoptycznych wyznaczony jest lini\u0105 niebieskiego koloru i tr\u00f3jk\u0105tnymi strza\u0142kami w kierunku post\u0119pu.<br \/>\nFront ciep\u0142y jest wyznaczony lini\u0105 koloru czerwonego oraz p\u00f3\u0142k\u00f3\u0142kami w kierunku post\u0119pu (\u201et\u0119pe strza\u0142ki\u201d wyznaczaj\u0105 wolniejsz\u0105 pr\u0119dko\u015b\u0107 w por\u00f3wnaniu do frontu zimnego).<\/div>\n[\/vc_column_text][\/vc_column][\/vc_row][vc_row][vc_column css=&#8221;.vc_custom_1481191342295{padding-top: 40px !important;}&#8221;][vc_separator el_width=&#8221;80&#8243; el_class=&#8221;basic-separator&#8221; css=&#8221;.vc_custom_1481191316039{padding-top: 40px !important;padding-bottom: 40px !important;}&#8221;][\/vc_column][vc_column width=&#8221;1\/2&#8243;][vc_single_image image=&#8221;14795&#8243; img_size=&#8221;full&#8221; alignment=&#8221;center&#8221; style=&#8221;vc_box_rounded&#8221;][\/vc_column][vc_column width=&#8221;1\/2&#8243;][vc_column_text]\n<p style=\"text-align: center;\"><strong>Front atmosferyczny<\/strong><\/p>\n<p>jest granic\u0105 mi\u0119dzy masami powietrza r\u00f3\u017cnych w\u0142a\u015bciwo\u015bci, szczeg\u00f3lnie temperatury.<br \/>\nNa rysunku przedstwaiony <strong>jest front faluj\u0105cy<\/strong>, kt\u00f3ry jest podstawowym warunkiem budowy systemu front\u00f3w oraz cyklonu.<\/p>\n<p><strong>Cyklon<\/strong><br \/>\njest wirem powietrznym, powstawaj\u0105cym w miejscu za\u0142amania frontu, przyspieszonym do rotacji przez moment si\u0142y Coriolisa.<\/p>\n[\/vc_column_text][\/vc_column][\/vc_row][vc_row][vc_column css=&#8221;.vc_custom_1481191342295{padding-top: 40px !important;}&#8221;][vc_separator el_width=&#8221;80&#8243; el_class=&#8221;basic-separator&#8221; css=&#8221;.vc_custom_1481191316039{padding-top: 40px !important;padding-bottom: 40px !important;}&#8221;][\/vc_column][vc_column width=&#8221;1\/2&#8243;][vc_single_image image=&#8221;14794&#8243; img_size=&#8221;full&#8221; alignment=&#8221;center&#8221; style=&#8221;vc_box_rounded&#8221;][\/vc_column][vc_column width=&#8221;1\/2&#8243;][vc_column_text]\n<p style=\"text-align: center;\"><strong>System front\u00f3w atmosferycznych <\/strong><\/p>\n<p>powstaje, kiedy dwie masy powietrzne zaczn\u0105 si\u0119 porusza\u0107. Skutkiem tego jest budowa <strong>ni\u017cu barycznego<\/strong>, kt\u00f3ry pod wp\u0142ywem si\u0142y Coriolisa na p\u00f3\u0142kuli p\u00f3\u0142nocnej <strong>kr\u0119ci si\u0119 w lewo.<\/strong><\/p>\n[\/vc_column_text][\/vc_column][\/vc_row][vc_row][vc_column css=&#8221;.vc_custom_1481191342295{padding-top: 40px !important;}&#8221;][vc_separator el_width=&#8221;80&#8243; el_class=&#8221;basic-separator&#8221; css=&#8221;.vc_custom_1481191316039{padding-top: 40px !important;padding-bottom: 40px !important;}&#8221;][\/vc_column][vc_column width=&#8221;1\/2&#8243;][vc_single_image image=&#8221;14793&#8243; img_size=&#8221;full&#8221; alignment=&#8221;center&#8221; style=&#8221;vc_box_rounded&#8221;][\/vc_column][vc_column width=&#8221;1\/2&#8243;][vc_column_text]\n<p style=\"text-align: center;\"><strong>Front zokludowany, okluzja<\/strong><\/p>\n<p><strong>Powstaje przez po\u0142\u0105czenie wolniejszego-ciep\u0142ego i szybszego-zimnego frontu.<\/strong> Na mapach synoptycznych wyznaczony jest lini\u0105 koloru fioletowego oraz p\u00f3\u0142k\u00f3\u0142kami narysowanymi na zmian\u0119 z tr\u00f3jk\u0105tami w kierunku post\u0119pu frontu.<\/p>\n[\/vc_column_text][\/vc_column][\/vc_row][vc_row][vc_column css=&#8221;.vc_custom_1481191342295{padding-top: 40px !important;}&#8221;][vc_separator el_width=&#8221;80&#8243; el_class=&#8221;basic-separator&#8221; css=&#8221;.vc_custom_1481191316039{padding-top: 40px !important;padding-bottom: 40px !important;}&#8221;][\/vc_column][vc_column width=&#8221;1\/2&#8243;][vc_single_image image=&#8221;14792&#8243; img_size=&#8221;full&#8221; alignment=&#8221;center&#8221; style=&#8221;vc_box_rounded&#8221;][\/vc_column][vc_column width=&#8221;1\/2&#8243;][vc_column_text]\n<p style=\"text-align: center;\"><strong>Front atmosferyczny zanika<\/strong> po po\u0142\u0105czeniu ciep\u0142ego i zimnego frontu oraz z wype\u0142nieniem ni\u017cu barycznego.<br \/>\nKiedy jest w systemie jeszcze dosy\u0107 energii (lub system odzyska kolejn\u0105 energie od zewn\u0105trz) mo\u017ce doj\u015b\u0107 do regeneracji cyklonu.<\/p>\n[\/vc_column_text][\/vc_column][\/vc_row]\n<\/div>","protected":false},"excerpt":{"rendered":"<p>[vc_row][vc_column width=&#8221;1\/2&#8243;][vc_single_image image=&#8221;14796&#8243; img_size=&#8221;full&#8221; alignment=&#8221;center&#8221; style=&#8221;vc_box_rounded&#8221;][\/vc_column][vc_column width=&#8221;1\/2&#8243;][vc_column_text]Cyklon jest terminem okre\u015blaj\u0105cym po\u0142\u0105czenie ni\u017cu barycznego z systemem front\u00f3w atmosferycznych. Front atmosferyczny powstaje na granicy dw\u00f3ch mas powietrza, kt\u00f3re r\u00f3\u017cni\u0105 si\u0119 swoimi w\u0142a\u015bciwo\u015bciami fizycznymi, szczeg\u00f3lnie temperatur\u0105 i wilgotno\u015bci\u0105. Wycinek ciep\u0142y jest cz\u0119\u015bci\u0105 cyklonu mi\u0119dzy frontem ciep\u0142ym i zimnym. Front zimny porusza si\u0119 wi\u0119ksz\u0105 pr\u0119dko\u015bci\u0105 ni\u017c front ciep\u0142y, przez [&hellip;]<\/p>\n","protected":false},"author":7,"featured_media":0,"comment_status":"open","ping_status":"open","sticky":false,"template":"","format":"standard","meta":{"_tribe_blocks_recurrence_rules":"","_tribe_blocks_recurrence_exclusions":"","_tribe_blocks_recurrence_description":"","footnotes":""},"categories":[329],"tags":[],"class_list":["post-15284","post","type-post","status-publish","format-standard","hentry","category-bez-kategorie-pl"],"yoast_head":"<!-- This site is optimized with the Yoast SEO plugin v27.0 - https:\/\/yoast.com\/product\/yoast-seo-wordpress\/ -->\n<title>4.5.  Cykl\u00f3na a front\u00e1ln\u00ed syst\u00e9m &#8212; El Speedo<\/title>\n<meta name=\"description\" content=\"El Speedo je nejv\u011bt\u0161\u00ed paraglidingov\u00e1 komunita a \u0161kola v \u010cR. Tandemov\u00e9 seskoky, kurzy, expedice a paragliding v\u00fdbava\" \/>\n<meta name=\"robots\" content=\"index, follow, max-snippet:-1, max-image-preview:large, max-video-preview:-1\" \/>\n<link rel=\"canonical\" href=\"https:\/\/elspeedo.cz\/pl\/4-5-cyklona-a-frontalni-system\/\" \/>\n<meta property=\"og:locale\" content=\"pl_PL\" \/>\n<meta property=\"og:type\" content=\"article\" \/>\n<meta property=\"og:title\" content=\"4.5.  Cykl\u00f3na a front\u00e1ln\u00ed syst\u00e9m &#8212; El Speedo\" \/>\n<meta property=\"og:description\" content=\"El Speedo je nejv\u011bt\u0161\u00ed paraglidingov\u00e1 komunita a \u0161kola v \u010cR. Tandemov\u00e9 seskoky, kurzy, expedice a paragliding v\u00fdbava\" \/>\n<meta property=\"og:url\" content=\"https:\/\/elspeedo.cz\/pl\/4-5-cyklona-a-frontalni-system\/\" \/>\n<meta property=\"og:site_name\" content=\"El Speedo\" \/>\n<meta property=\"article:publisher\" content=\"http:\/\/www.facebook.com\/paragliding.elspeedo.cz\/?fref=ts\" \/>\n<meta property=\"article:published_time\" content=\"2016-12-08T08:59:19+00:00\" \/>\n<meta property=\"article:modified_time\" content=\"2016-12-09T21:54:49+00:00\" \/>\n<meta name=\"author\" content=\"Jan Stan\u00edk\" \/>\n<meta name=\"twitter:card\" content=\"summary_large_image\" \/>\n<meta name=\"twitter:label1\" content=\"Napisane przez\" \/>\n\t<meta name=\"twitter:data1\" content=\"Jan Stan\u00edk\" \/>\n\t<meta name=\"twitter:label2\" content=\"Szacowany czas czytania\" \/>\n\t<meta name=\"twitter:data2\" content=\"3 minuty\" \/>\n<script type=\"application\/ld+json\" class=\"yoast-schema-graph\">{\"@context\":\"https:\/\/schema.org\",\"@graph\":[{\"@type\":\"Article\",\"@id\":\"https:\/\/elspeedo.cz\/pl\/4-5-cyklona-a-frontalni-system\/#article\",\"isPartOf\":{\"@id\":\"https:\/\/elspeedo.cz\/pl\/4-5-cyklona-a-frontalni-system\/\"},\"author\":{\"name\":\"Jan Stan\u00edk\",\"@id\":\"https:\/\/elspeedo.cz\/#\/schema\/person\/45901781843d90a2f969df787a8a7ca3\"},\"headline\":\"4.5. Cykl\u00f3na a front\u00e1ln\u00ed syst\u00e9m\",\"datePublished\":\"2016-12-08T08:59:19+00:00\",\"dateModified\":\"2016-12-09T21:54:49+00:00\",\"mainEntityOfPage\":{\"@id\":\"https:\/\/elspeedo.cz\/pl\/4-5-cyklona-a-frontalni-system\/\"},\"wordCount\":604,\"commentCount\":0,\"articleSection\":[\"Bez kategorie\"],\"inLanguage\":\"pl-PL\",\"potentialAction\":[{\"@type\":\"CommentAction\",\"name\":\"Comment\",\"target\":[\"https:\/\/elspeedo.cz\/pl\/4-5-cyklona-a-frontalni-system\/#respond\"]}]},{\"@type\":\"WebPage\",\"@id\":\"https:\/\/elspeedo.cz\/pl\/4-5-cyklona-a-frontalni-system\/\",\"url\":\"https:\/\/elspeedo.cz\/pl\/4-5-cyklona-a-frontalni-system\/\",\"name\":\"4.5. Cykl\u00f3na a front\u00e1ln\u00ed syst\u00e9m &#8212; El Speedo\",\"isPartOf\":{\"@id\":\"https:\/\/elspeedo.cz\/#website\"},\"datePublished\":\"2016-12-08T08:59:19+00:00\",\"dateModified\":\"2016-12-09T21:54:49+00:00\",\"author\":{\"@id\":\"https:\/\/elspeedo.cz\/#\/schema\/person\/45901781843d90a2f969df787a8a7ca3\"},\"description\":\"El Speedo je nejv\u011bt\u0161\u00ed paraglidingov\u00e1 komunita a \u0161kola v \u010cR. Tandemov\u00e9 seskoky, kurzy, expedice a paragliding v\u00fdbava\",\"breadcrumb\":{\"@id\":\"https:\/\/elspeedo.cz\/pl\/4-5-cyklona-a-frontalni-system\/#breadcrumb\"},\"inLanguage\":\"pl-PL\",\"potentialAction\":[{\"@type\":\"ReadAction\",\"target\":[\"https:\/\/elspeedo.cz\/pl\/4-5-cyklona-a-frontalni-system\/\"]}]},{\"@type\":\"BreadcrumbList\",\"@id\":\"https:\/\/elspeedo.cz\/pl\/4-5-cyklona-a-frontalni-system\/#breadcrumb\",\"itemListElement\":[{\"@type\":\"ListItem\",\"position\":1,\"name\":\"Dom\u016f\",\"item\":\"https:\/\/elspeedo.cz\/pl\/\"},{\"@type\":\"ListItem\",\"position\":2,\"name\":\"4.5. Cykl\u00f3na a front\u00e1ln\u00ed syst\u00e9m\"}]},{\"@type\":\"WebSite\",\"@id\":\"https:\/\/elspeedo.cz\/#website\",\"url\":\"https:\/\/elspeedo.cz\/\",\"name\":\"El Speedo\",\"description\":\"Paragliding - kurzy, vybaven\u00ed, v\u00fdlety, komunita\",\"potentialAction\":[{\"@type\":\"SearchAction\",\"target\":{\"@type\":\"EntryPoint\",\"urlTemplate\":\"https:\/\/elspeedo.cz\/?s={search_term_string}\"},\"query-input\":{\"@type\":\"PropertyValueSpecification\",\"valueRequired\":true,\"valueName\":\"search_term_string\"}}],\"inLanguage\":\"pl-PL\"},{\"@type\":\"Person\",\"@id\":\"https:\/\/elspeedo.cz\/#\/schema\/person\/45901781843d90a2f969df787a8a7ca3\",\"name\":\"Jan Stan\u00edk\",\"image\":{\"@type\":\"ImageObject\",\"inLanguage\":\"pl-PL\",\"@id\":\"https:\/\/elspeedo.cz\/#\/schema\/person\/image\/\",\"url\":\"https:\/\/secure.gravatar.com\/avatar\/42f24e08e5a57d4f8c3c30f68f9e3c30fd9c30a4c99f74f17085186f4a289b26?s=96&d=mm&r=g\",\"contentUrl\":\"https:\/\/secure.gravatar.com\/avatar\/42f24e08e5a57d4f8c3c30f68f9e3c30fd9c30a4c99f74f17085186f4a289b26?s=96&d=mm&r=g\",\"caption\":\"Jan Stan\u00edk\"},\"sameAs\":[\"https:\/\/elspeedo.cz\"],\"url\":\"https:\/\/elspeedo.cz\/pl\/author\/honza\/\"}]}<\/script>\n<!-- \/ Yoast SEO plugin. -->","yoast_head_json":{"title":"4.5.  Cykl\u00f3na a front\u00e1ln\u00ed syst\u00e9m &#8212; El Speedo","description":"El Speedo je nejv\u011bt\u0161\u00ed paraglidingov\u00e1 komunita a \u0161kola v \u010cR. Tandemov\u00e9 seskoky, kurzy, expedice a paragliding v\u00fdbava","robots":{"index":"index","follow":"follow","max-snippet":"max-snippet:-1","max-image-preview":"max-image-preview:large","max-video-preview":"max-video-preview:-1"},"canonical":"https:\/\/elspeedo.cz\/pl\/4-5-cyklona-a-frontalni-system\/","og_locale":"pl_PL","og_type":"article","og_title":"4.5.  Cykl\u00f3na a front\u00e1ln\u00ed syst\u00e9m &#8212; El Speedo","og_description":"El Speedo je nejv\u011bt\u0161\u00ed paraglidingov\u00e1 komunita a \u0161kola v \u010cR. Tandemov\u00e9 seskoky, kurzy, expedice a paragliding v\u00fdbava","og_url":"https:\/\/elspeedo.cz\/pl\/4-5-cyklona-a-frontalni-system\/","og_site_name":"El Speedo","article_publisher":"http:\/\/www.facebook.com\/paragliding.elspeedo.cz\/?fref=ts","article_published_time":"2016-12-08T08:59:19+00:00","article_modified_time":"2016-12-09T21:54:49+00:00","author":"Jan Stan\u00edk","twitter_card":"summary_large_image","twitter_misc":{"Napisane przez":"Jan Stan\u00edk","Szacowany czas czytania":"3 minuty"},"schema":{"@context":"https:\/\/schema.org","@graph":[{"@type":"Article","@id":"https:\/\/elspeedo.cz\/pl\/4-5-cyklona-a-frontalni-system\/#article","isPartOf":{"@id":"https:\/\/elspeedo.cz\/pl\/4-5-cyklona-a-frontalni-system\/"},"author":{"name":"Jan Stan\u00edk","@id":"https:\/\/elspeedo.cz\/#\/schema\/person\/45901781843d90a2f969df787a8a7ca3"},"headline":"4.5. Cykl\u00f3na a front\u00e1ln\u00ed syst\u00e9m","datePublished":"2016-12-08T08:59:19+00:00","dateModified":"2016-12-09T21:54:49+00:00","mainEntityOfPage":{"@id":"https:\/\/elspeedo.cz\/pl\/4-5-cyklona-a-frontalni-system\/"},"wordCount":604,"commentCount":0,"articleSection":["Bez kategorie"],"inLanguage":"pl-PL","potentialAction":[{"@type":"CommentAction","name":"Comment","target":["https:\/\/elspeedo.cz\/pl\/4-5-cyklona-a-frontalni-system\/#respond"]}]},{"@type":"WebPage","@id":"https:\/\/elspeedo.cz\/pl\/4-5-cyklona-a-frontalni-system\/","url":"https:\/\/elspeedo.cz\/pl\/4-5-cyklona-a-frontalni-system\/","name":"4.5. Cykl\u00f3na a front\u00e1ln\u00ed syst\u00e9m &#8212; El Speedo","isPartOf":{"@id":"https:\/\/elspeedo.cz\/#website"},"datePublished":"2016-12-08T08:59:19+00:00","dateModified":"2016-12-09T21:54:49+00:00","author":{"@id":"https:\/\/elspeedo.cz\/#\/schema\/person\/45901781843d90a2f969df787a8a7ca3"},"description":"El Speedo je nejv\u011bt\u0161\u00ed paraglidingov\u00e1 komunita a \u0161kola v \u010cR. Tandemov\u00e9 seskoky, kurzy, expedice a paragliding v\u00fdbava","breadcrumb":{"@id":"https:\/\/elspeedo.cz\/pl\/4-5-cyklona-a-frontalni-system\/#breadcrumb"},"inLanguage":"pl-PL","potentialAction":[{"@type":"ReadAction","target":["https:\/\/elspeedo.cz\/pl\/4-5-cyklona-a-frontalni-system\/"]}]},{"@type":"BreadcrumbList","@id":"https:\/\/elspeedo.cz\/pl\/4-5-cyklona-a-frontalni-system\/#breadcrumb","itemListElement":[{"@type":"ListItem","position":1,"name":"Dom\u016f","item":"https:\/\/elspeedo.cz\/pl\/"},{"@type":"ListItem","position":2,"name":"4.5. Cykl\u00f3na a front\u00e1ln\u00ed syst\u00e9m"}]},{"@type":"WebSite","@id":"https:\/\/elspeedo.cz\/#website","url":"https:\/\/elspeedo.cz\/","name":"El Speedo","description":"Paragliding - kurzy, vybaven\u00ed, v\u00fdlety, komunita","potentialAction":[{"@type":"SearchAction","target":{"@type":"EntryPoint","urlTemplate":"https:\/\/elspeedo.cz\/?s={search_term_string}"},"query-input":{"@type":"PropertyValueSpecification","valueRequired":true,"valueName":"search_term_string"}}],"inLanguage":"pl-PL"},{"@type":"Person","@id":"https:\/\/elspeedo.cz\/#\/schema\/person\/45901781843d90a2f969df787a8a7ca3","name":"Jan Stan\u00edk","image":{"@type":"ImageObject","inLanguage":"pl-PL","@id":"https:\/\/elspeedo.cz\/#\/schema\/person\/image\/","url":"https:\/\/secure.gravatar.com\/avatar\/42f24e08e5a57d4f8c3c30f68f9e3c30fd9c30a4c99f74f17085186f4a289b26?s=96&d=mm&r=g","contentUrl":"https:\/\/secure.gravatar.com\/avatar\/42f24e08e5a57d4f8c3c30f68f9e3c30fd9c30a4c99f74f17085186f4a289b26?s=96&d=mm&r=g","caption":"Jan Stan\u00edk"},"sameAs":["https:\/\/elspeedo.cz"],"url":"https:\/\/elspeedo.cz\/pl\/author\/honza\/"}]}},"_links":{"self":[{"href":"https:\/\/elspeedo.cz\/pl\/wp-json\/wp\/v2\/posts\/15284","targetHints":{"allow":["GET"]}}],"collection":[{"href":"https:\/\/elspeedo.cz\/pl\/wp-json\/wp\/v2\/posts"}],"about":[{"href":"https:\/\/elspeedo.cz\/pl\/wp-json\/wp\/v2\/types\/post"}],"author":[{"embeddable":true,"href":"https:\/\/elspeedo.cz\/pl\/wp-json\/wp\/v2\/users\/7"}],"replies":[{"embeddable":true,"href":"https:\/\/elspeedo.cz\/pl\/wp-json\/wp\/v2\/comments?post=15284"}],"version-history":[{"count":0,"href":"https:\/\/elspeedo.cz\/pl\/wp-json\/wp\/v2\/posts\/15284\/revisions"}],"wp:attachment":[{"href":"https:\/\/elspeedo.cz\/pl\/wp-json\/wp\/v2\/media?parent=15284"}],"wp:term":[{"taxonomy":"category","embeddable":true,"href":"https:\/\/elspeedo.cz\/pl\/wp-json\/wp\/v2\/categories?post=15284"},{"taxonomy":"post_tag","embeddable":true,"href":"https:\/\/elspeedo.cz\/pl\/wp-json\/wp\/v2\/tags?post=15284"}],"curies":[{"name":"wp","href":"https:\/\/api.w.org\/{rel}","templated":true}]}}