{"id":167113,"date":"2021-08-23T15:53:01","date_gmt":"2021-08-23T14:53:01","guid":{"rendered":"https:\/\/elspeedo.cz\/pokurzovky-beskydske-kondicni-trenink-a-pohodicka-jak-se-patri\/"},"modified":"2021-08-31T11:08:53","modified_gmt":"2021-08-31T10:08:53","slug":"trening-po-kursie-w-beskidach-szlifowanie-umiejetnosci-mila-atmosferka","status":"publish","type":"post","link":"https:\/\/elspeedo.cz\/pl\/trening-po-kursie-w-beskidach-szlifowanie-umiejetnosci-mila-atmosferka\/","title":{"rendered":"Trening po kursie w Beskidach &#8211; szlifowanie umiej\u0119tno\u015bci, mi\u0142a atmosferka&#8230;"},"content":{"rendered":"","protected":false},"excerpt":{"rendered":"","protected":false},"author":4,"featured_media":165394,"comment_status":"open","ping_status":"open","sticky":false,"template":"","format":"standard","meta":{"_tribe_blocks_recurrence_rules":"","_tribe_blocks_recurrence_exclusions":"","_tribe_blocks_recurrence_description":"","footnotes":""},"categories":[546],"tags":[],"class_list":["post-167113","post","type-post","status-publish","format-standard","has-post-thumbnail","hentry","category-szkola-pl"],"yoast_head":"<!-- This site is optimized with the Yoast SEO plugin v27.0 - https:\/\/yoast.com\/product\/yoast-seo-wordpress\/ -->\n<title>Trening po kursie w Beskidach - szlifowanie umiej\u0119tno\u015bci, mi\u0142a atmosferka... &#8212; El Speedo<\/title>\n<meta name=\"description\" content=\"El Speedo je nejv\u011bt\u0161\u00ed paraglidingov\u00e1 komunita a \u0161kola v \u010cR. Tandemov\u00e9 seskoky, kurzy, expedice a paragliding v\u00fdbava\" \/>\n<meta name=\"robots\" content=\"index, follow, max-snippet:-1, max-image-preview:large, max-video-preview:-1\" \/>\n<link rel=\"canonical\" href=\"https:\/\/elspeedo.cz\/pokurzovky-beskydske-kondicni-trenink-a-pohodicka-jak-se-patri\/\" \/>\n<meta property=\"og:locale\" content=\"pl_PL\" \/>\n<meta property=\"og:type\" content=\"article\" \/>\n<meta property=\"og:title\" content=\"Trening po kursie w Beskidach - szlifowanie umiej\u0119tno\u015bci, mi\u0142a atmosferka... &#8212; El Speedo\" \/>\n<meta property=\"og:description\" content=\"El Speedo je nejv\u011bt\u0161\u00ed paraglidingov\u00e1 komunita a \u0161kola v \u010cR. Tandemov\u00e9 seskoky, kurzy, expedice a paragliding v\u00fdbava\" \/>\n<meta property=\"og:url\" content=\"https:\/\/elspeedo.cz\/pokurzovky-beskydske-kondicni-trenink-a-pohodicka-jak-se-patri\/\" \/>\n<meta property=\"og:site_name\" content=\"El Speedo\" \/>\n<meta property=\"article:publisher\" content=\"http:\/\/www.facebook.com\/paragliding.elspeedo.cz\/?fref=ts\" \/>\n<meta property=\"article:published_time\" content=\"2021-08-23T14:53:01+00:00\" \/>\n<meta property=\"article:modified_time\" content=\"2021-08-31T10:08:53+00:00\" \/>\n<meta property=\"og:image\" content=\"https:\/\/elspeedo.cz\/wp-content\/uploads\/2021\/08\/38481079-ad87-46dd-9177-a9231f9dadd5.jpeg\" \/>\n\t<meta property=\"og:image:width\" content=\"900\" \/>\n\t<meta property=\"og:image:height\" content=\"600\" \/>\n\t<meta property=\"og:image:type\" content=\"image\/jpeg\" \/>\n<meta name=\"author\" content=\"Dalibor Carbol\" \/>\n<meta name=\"twitter:card\" content=\"summary_large_image\" \/>\n<meta name=\"twitter:label1\" content=\"Napisane przez\" \/>\n\t<meta name=\"twitter:data1\" content=\"Dalibor Carbol\" \/>\n<script type=\"application\/ld+json\" class=\"yoast-schema-graph\">{\"@context\":\"https:\/\/schema.org\",\"@graph\":[{\"@type\":\"Article\",\"@id\":\"https:\/\/elspeedo.cz\/pokurzovky-beskydske-kondicni-trenink-a-pohodicka-jak-se-patri\/#article\",\"isPartOf\":{\"@id\":\"https:\/\/elspeedo.cz\/pokurzovky-beskydske-kondicni-trenink-a-pohodicka-jak-se-patri\/\"},\"author\":{\"name\":\"Dalibor Carbol\",\"@id\":\"https:\/\/elspeedo.cz\/#\/schema\/person\/845111a5f10bae8b99a8a55ee13640ac\"},\"headline\":\"Trening po kursie w Beskidach &#8211; szlifowanie umiej\u0119tno\u015bci, mi\u0142a atmosferka&#8230;\",\"datePublished\":\"2021-08-23T14:53:01+00:00\",\"dateModified\":\"2021-08-31T10:08:53+00:00\",\"mainEntityOfPage\":{\"@id\":\"https:\/\/elspeedo.cz\/pokurzovky-beskydske-kondicni-trenink-a-pohodicka-jak-se-patri\/\"},\"wordCount\":13,\"commentCount\":0,\"image\":{\"@id\":\"https:\/\/elspeedo.cz\/pokurzovky-beskydske-kondicni-trenink-a-pohodicka-jak-se-patri\/#primaryimage\"},\"thumbnailUrl\":\"https:\/\/elspeedo.cz\/wp-content\/uploads\/2021\/08\/38481079-ad87-46dd-9177-a9231f9dadd5.jpeg\",\"articleSection\":[\"\u0160kola\"],\"inLanguage\":\"pl-PL\",\"potentialAction\":[{\"@type\":\"CommentAction\",\"name\":\"Comment\",\"target\":[\"https:\/\/elspeedo.cz\/pokurzovky-beskydske-kondicni-trenink-a-pohodicka-jak-se-patri\/#respond\"]}]},{\"@type\":\"WebPage\",\"@id\":\"https:\/\/elspeedo.cz\/pokurzovky-beskydske-kondicni-trenink-a-pohodicka-jak-se-patri\/\",\"url\":\"https:\/\/elspeedo.cz\/pokurzovky-beskydske-kondicni-trenink-a-pohodicka-jak-se-patri\/\",\"name\":\"Trening po kursie w Beskidach - szlifowanie umiej\u0119tno\u015bci, mi\u0142a atmosferka... &#8212; El Speedo\",\"isPartOf\":{\"@id\":\"https:\/\/elspeedo.cz\/#website\"},\"primaryImageOfPage\":{\"@id\":\"https:\/\/elspeedo.cz\/pokurzovky-beskydske-kondicni-trenink-a-pohodicka-jak-se-patri\/#primaryimage\"},\"image\":{\"@id\":\"https:\/\/elspeedo.cz\/pokurzovky-beskydske-kondicni-trenink-a-pohodicka-jak-se-patri\/#primaryimage\"},\"thumbnailUrl\":\"https:\/\/elspeedo.cz\/wp-content\/uploads\/2021\/08\/38481079-ad87-46dd-9177-a9231f9dadd5.jpeg\",\"datePublished\":\"2021-08-23T14:53:01+00:00\",\"dateModified\":\"2021-08-31T10:08:53+00:00\",\"author\":{\"@id\":\"https:\/\/elspeedo.cz\/#\/schema\/person\/845111a5f10bae8b99a8a55ee13640ac\"},\"description\":\"El Speedo je nejv\u011bt\u0161\u00ed paraglidingov\u00e1 komunita a \u0161kola v \u010cR. Tandemov\u00e9 seskoky, kurzy, expedice a paragliding v\u00fdbava\",\"breadcrumb\":{\"@id\":\"https:\/\/elspeedo.cz\/pokurzovky-beskydske-kondicni-trenink-a-pohodicka-jak-se-patri\/#breadcrumb\"},\"inLanguage\":\"pl-PL\",\"potentialAction\":[{\"@type\":\"ReadAction\",\"target\":[\"https:\/\/elspeedo.cz\/pokurzovky-beskydske-kondicni-trenink-a-pohodicka-jak-se-patri\/\"]}]},{\"@type\":\"ImageObject\",\"inLanguage\":\"pl-PL\",\"@id\":\"https:\/\/elspeedo.cz\/pokurzovky-beskydske-kondicni-trenink-a-pohodicka-jak-se-patri\/#primaryimage\",\"url\":\"https:\/\/elspeedo.cz\/wp-content\/uploads\/2021\/08\/38481079-ad87-46dd-9177-a9231f9dadd5.jpeg\",\"contentUrl\":\"https:\/\/elspeedo.cz\/wp-content\/uploads\/2021\/08\/38481079-ad87-46dd-9177-a9231f9dadd5.jpeg\",\"width\":900,\"height\":600},{\"@type\":\"BreadcrumbList\",\"@id\":\"https:\/\/elspeedo.cz\/pokurzovky-beskydske-kondicni-trenink-a-pohodicka-jak-se-patri\/#breadcrumb\",\"itemListElement\":[{\"@type\":\"ListItem\",\"position\":1,\"name\":\"Dom\u016f\",\"item\":\"https:\/\/elspeedo.cz\/pl\/\"},{\"@type\":\"ListItem\",\"position\":2,\"name\":\"Trening po kursie w Beskidach &#8211; szlifowanie umiej\u0119tno\u015bci, mi\u0142a atmosferka&#8230;\"}]},{\"@type\":\"WebSite\",\"@id\":\"https:\/\/elspeedo.cz\/#website\",\"url\":\"https:\/\/elspeedo.cz\/\",\"name\":\"El Speedo\",\"description\":\"Paragliding - kurzy, vybaven\u00ed, v\u00fdlety, komunita\",\"potentialAction\":[{\"@type\":\"SearchAction\",\"target\":{\"@type\":\"EntryPoint\",\"urlTemplate\":\"https:\/\/elspeedo.cz\/?s={search_term_string}\"},\"query-input\":{\"@type\":\"PropertyValueSpecification\",\"valueRequired\":true,\"valueName\":\"search_term_string\"}}],\"inLanguage\":\"pl-PL\"},{\"@type\":\"Person\",\"@id\":\"https:\/\/elspeedo.cz\/#\/schema\/person\/845111a5f10bae8b99a8a55ee13640ac\",\"name\":\"Dalibor Carbol\",\"image\":{\"@type\":\"ImageObject\",\"inLanguage\":\"pl-PL\",\"@id\":\"https:\/\/elspeedo.cz\/#\/schema\/person\/image\/\",\"url\":\"https:\/\/secure.gravatar.com\/avatar\/d659f476dca7f72f968cff594e14b0aa19a0a223ccfd746038f2317fba023899?s=96&d=mm&r=g\",\"contentUrl\":\"https:\/\/secure.gravatar.com\/avatar\/d659f476dca7f72f968cff594e14b0aa19a0a223ccfd746038f2317fba023899?s=96&d=mm&r=g\",\"caption\":\"Dalibor Carbol\"},\"sameAs\":[\"https:\/\/elspeedo.cz\"],\"url\":\"https:\/\/elspeedo.cz\/pl\/author\/dalibor\/\"}]}<\/script>\n<!-- \/ Yoast SEO plugin. -->","yoast_head_json":{"title":"Trening po kursie w Beskidach - szlifowanie umiej\u0119tno\u015bci, mi\u0142a atmosferka... &#8212; El Speedo","description":"El Speedo je nejv\u011bt\u0161\u00ed paraglidingov\u00e1 komunita a \u0161kola v \u010cR. Tandemov\u00e9 seskoky, kurzy, expedice a paragliding v\u00fdbava","robots":{"index":"index","follow":"follow","max-snippet":"max-snippet:-1","max-image-preview":"max-image-preview:large","max-video-preview":"max-video-preview:-1"},"canonical":"https:\/\/elspeedo.cz\/pokurzovky-beskydske-kondicni-trenink-a-pohodicka-jak-se-patri\/","og_locale":"pl_PL","og_type":"article","og_title":"Trening po kursie w Beskidach - szlifowanie umiej\u0119tno\u015bci, mi\u0142a atmosferka... &#8212; El Speedo","og_description":"El Speedo je nejv\u011bt\u0161\u00ed paraglidingov\u00e1 komunita a \u0161kola v \u010cR. Tandemov\u00e9 seskoky, kurzy, expedice a paragliding v\u00fdbava","og_url":"https:\/\/elspeedo.cz\/pokurzovky-beskydske-kondicni-trenink-a-pohodicka-jak-se-patri\/","og_site_name":"El Speedo","article_publisher":"http:\/\/www.facebook.com\/paragliding.elspeedo.cz\/?fref=ts","article_published_time":"2021-08-23T14:53:01+00:00","article_modified_time":"2021-08-31T10:08:53+00:00","og_image":[{"width":900,"height":600,"url":"https:\/\/elspeedo.cz\/wp-content\/uploads\/2021\/08\/38481079-ad87-46dd-9177-a9231f9dadd5.jpeg","type":"image\/jpeg"}],"author":"Dalibor Carbol","twitter_card":"summary_large_image","twitter_misc":{"Napisane przez":"Dalibor Carbol"},"schema":{"@context":"https:\/\/schema.org","@graph":[{"@type":"Article","@id":"https:\/\/elspeedo.cz\/pokurzovky-beskydske-kondicni-trenink-a-pohodicka-jak-se-patri\/#article","isPartOf":{"@id":"https:\/\/elspeedo.cz\/pokurzovky-beskydske-kondicni-trenink-a-pohodicka-jak-se-patri\/"},"author":{"name":"Dalibor Carbol","@id":"https:\/\/elspeedo.cz\/#\/schema\/person\/845111a5f10bae8b99a8a55ee13640ac"},"headline":"Trening po kursie w Beskidach &#8211; szlifowanie umiej\u0119tno\u015bci, mi\u0142a atmosferka&#8230;","datePublished":"2021-08-23T14:53:01+00:00","dateModified":"2021-08-31T10:08:53+00:00","mainEntityOfPage":{"@id":"https:\/\/elspeedo.cz\/pokurzovky-beskydske-kondicni-trenink-a-pohodicka-jak-se-patri\/"},"wordCount":13,"commentCount":0,"image":{"@id":"https:\/\/elspeedo.cz\/pokurzovky-beskydske-kondicni-trenink-a-pohodicka-jak-se-patri\/#primaryimage"},"thumbnailUrl":"https:\/\/elspeedo.cz\/wp-content\/uploads\/2021\/08\/38481079-ad87-46dd-9177-a9231f9dadd5.jpeg","articleSection":["\u0160kola"],"inLanguage":"pl-PL","potentialAction":[{"@type":"CommentAction","name":"Comment","target":["https:\/\/elspeedo.cz\/pokurzovky-beskydske-kondicni-trenink-a-pohodicka-jak-se-patri\/#respond"]}]},{"@type":"WebPage","@id":"https:\/\/elspeedo.cz\/pokurzovky-beskydske-kondicni-trenink-a-pohodicka-jak-se-patri\/","url":"https:\/\/elspeedo.cz\/pokurzovky-beskydske-kondicni-trenink-a-pohodicka-jak-se-patri\/","name":"Trening po kursie w Beskidach - szlifowanie umiej\u0119tno\u015bci, mi\u0142a atmosferka... &#8212; El Speedo","isPartOf":{"@id":"https:\/\/elspeedo.cz\/#website"},"primaryImageOfPage":{"@id":"https:\/\/elspeedo.cz\/pokurzovky-beskydske-kondicni-trenink-a-pohodicka-jak-se-patri\/#primaryimage"},"image":{"@id":"https:\/\/elspeedo.cz\/pokurzovky-beskydske-kondicni-trenink-a-pohodicka-jak-se-patri\/#primaryimage"},"thumbnailUrl":"https:\/\/elspeedo.cz\/wp-content\/uploads\/2021\/08\/38481079-ad87-46dd-9177-a9231f9dadd5.jpeg","datePublished":"2021-08-23T14:53:01+00:00","dateModified":"2021-08-31T10:08:53+00:00","author":{"@id":"https:\/\/elspeedo.cz\/#\/schema\/person\/845111a5f10bae8b99a8a55ee13640ac"},"description":"El Speedo je nejv\u011bt\u0161\u00ed paraglidingov\u00e1 komunita a \u0161kola v \u010cR. Tandemov\u00e9 seskoky, kurzy, expedice a paragliding v\u00fdbava","breadcrumb":{"@id":"https:\/\/elspeedo.cz\/pokurzovky-beskydske-kondicni-trenink-a-pohodicka-jak-se-patri\/#breadcrumb"},"inLanguage":"pl-PL","potentialAction":[{"@type":"ReadAction","target":["https:\/\/elspeedo.cz\/pokurzovky-beskydske-kondicni-trenink-a-pohodicka-jak-se-patri\/"]}]},{"@type":"ImageObject","inLanguage":"pl-PL","@id":"https:\/\/elspeedo.cz\/pokurzovky-beskydske-kondicni-trenink-a-pohodicka-jak-se-patri\/#primaryimage","url":"https:\/\/elspeedo.cz\/wp-content\/uploads\/2021\/08\/38481079-ad87-46dd-9177-a9231f9dadd5.jpeg","contentUrl":"https:\/\/elspeedo.cz\/wp-content\/uploads\/2021\/08\/38481079-ad87-46dd-9177-a9231f9dadd5.jpeg","width":900,"height":600},{"@type":"BreadcrumbList","@id":"https:\/\/elspeedo.cz\/pokurzovky-beskydske-kondicni-trenink-a-pohodicka-jak-se-patri\/#breadcrumb","itemListElement":[{"@type":"ListItem","position":1,"name":"Dom\u016f","item":"https:\/\/elspeedo.cz\/pl\/"},{"@type":"ListItem","position":2,"name":"Trening po kursie w Beskidach &#8211; szlifowanie umiej\u0119tno\u015bci, mi\u0142a atmosferka&#8230;"}]},{"@type":"WebSite","@id":"https:\/\/elspeedo.cz\/#website","url":"https:\/\/elspeedo.cz\/","name":"El Speedo","description":"Paragliding - kurzy, vybaven\u00ed, v\u00fdlety, komunita","potentialAction":[{"@type":"SearchAction","target":{"@type":"EntryPoint","urlTemplate":"https:\/\/elspeedo.cz\/?s={search_term_string}"},"query-input":{"@type":"PropertyValueSpecification","valueRequired":true,"valueName":"search_term_string"}}],"inLanguage":"pl-PL"},{"@type":"Person","@id":"https:\/\/elspeedo.cz\/#\/schema\/person\/845111a5f10bae8b99a8a55ee13640ac","name":"Dalibor Carbol","image":{"@type":"ImageObject","inLanguage":"pl-PL","@id":"https:\/\/elspeedo.cz\/#\/schema\/person\/image\/","url":"https:\/\/secure.gravatar.com\/avatar\/d659f476dca7f72f968cff594e14b0aa19a0a223ccfd746038f2317fba023899?s=96&d=mm&r=g","contentUrl":"https:\/\/secure.gravatar.com\/avatar\/d659f476dca7f72f968cff594e14b0aa19a0a223ccfd746038f2317fba023899?s=96&d=mm&r=g","caption":"Dalibor Carbol"},"sameAs":["https:\/\/elspeedo.cz"],"url":"https:\/\/elspeedo.cz\/pl\/author\/dalibor\/"}]}},"_links":{"self":[{"href":"https:\/\/elspeedo.cz\/pl\/wp-json\/wp\/v2\/posts\/167113","targetHints":{"allow":["GET"]}}],"collection":[{"href":"https:\/\/elspeedo.cz\/pl\/wp-json\/wp\/v2\/posts"}],"about":[{"href":"https:\/\/elspeedo.cz\/pl\/wp-json\/wp\/v2\/types\/post"}],"author":[{"embeddable":true,"href":"https:\/\/elspeedo.cz\/pl\/wp-json\/wp\/v2\/users\/4"}],"replies":[{"embeddable":true,"href":"https:\/\/elspeedo.cz\/pl\/wp-json\/wp\/v2\/comments?post=167113"}],"version-history":[{"count":1,"href":"https:\/\/elspeedo.cz\/pl\/wp-json\/wp\/v2\/posts\/167113\/revisions"}],"predecessor-version":[{"id":167115,"href":"https:\/\/elspeedo.cz\/pl\/wp-json\/wp\/v2\/posts\/167113\/revisions\/167115"}],"wp:featuredmedia":[{"embeddable":true,"href":"https:\/\/elspeedo.cz\/pl\/wp-json\/wp\/v2\/media\/165394"}],"wp:attachment":[{"href":"https:\/\/elspeedo.cz\/pl\/wp-json\/wp\/v2\/media?parent=167113"}],"wp:term":[{"taxonomy":"category","embeddable":true,"href":"https:\/\/elspeedo.cz\/pl\/wp-json\/wp\/v2\/categories?post=167113"},{"taxonomy":"post_tag","embeddable":true,"href":"https:\/\/elspeedo.cz\/pl\/wp-json\/wp\/v2\/tags?post=167113"}],"curies":[{"name":"wp","href":"https:\/\/api.w.org\/{rel}","templated":true}]}}