{"id":17930,"date":"2016-11-28T14:32:04","date_gmt":"2016-11-28T13:32:04","guid":{"rendered":"https:\/\/elspeedo.cz\/chan-tengri-kyrgyzstan-2012\/"},"modified":"2017-08-20T12:17:59","modified_gmt":"2017-08-20T11:17:59","slug":"chan-tengri-kirgistan-2012","status":"publish","type":"post","link":"https:\/\/elspeedo.cz\/pl\/chan-tengri-kirgistan-2012\/","title":{"rendered":"CHAN TENGRI- Kirgistan 2012"},"content":{"rendered":"<div class=\"wpb-content-wrapper\">[vc_row][vc_column][vc_column_text]W roku 2012 postanowili\u015bmy doko\u0144czy\u0107 nasz lot biwakowy z poprzednich lat i dolecie\u0107 nad Chan Tengri \u2013 drug\u0105 najwy\u017csz\u0105 g\u00f3r\u0119 Tien Shan w p\u00f3\u0142nocnowschodnim Kirgistanie.<\/p>\n<p style=\"text-align: center;\"><img loading=\"lazy\" decoding=\"async\" class=\"aligncenter wp-image-13241 size-full\" src=\"https:\/\/elspeedo.cz\/wp-content\/uploads\/2016\/11\/chantengri.jpg\" alt=\"chantengri\" width=\"950\" height=\"395\" srcset=\"https:\/\/elspeedo.cz\/wp-content\/uploads\/2016\/11\/chantengri.jpg 950w, https:\/\/elspeedo.cz\/wp-content\/uploads\/2016\/11\/chantengri-150x62.jpg 150w, https:\/\/elspeedo.cz\/wp-content\/uploads\/2016\/11\/chantengri-300x125.jpg 300w, https:\/\/elspeedo.cz\/wp-content\/uploads\/2016\/11\/chantengri-768x319.jpg 768w, https:\/\/elspeedo.cz\/wp-content\/uploads\/2016\/11\/chantengri-180x75.jpg 180w, https:\/\/elspeedo.cz\/wp-content\/uploads\/2016\/11\/chantengri-600x249.jpg 600w\" sizes=\"auto, (max-width: 950px) 100vw, 950px\" \/><\/p>\n<p style=\"text-align: center;\">Wybrali\u015bmy nasz sprawdzony szybki i ofensywny styl latania i przebyli\u015bmy drog\u0119 z Karakol przez centrum Tien Shan, Chan Tengri i Pik Pobeda tylko w 2 dni. To nie by\u0142o \u0142atwe latanie. Gwa\u0142towne zmiany pogodowe, silny turbulentny wiatr, ostra tn\u0105ca termika i popo\u0142udniowe burze wsz\u0119dzie &#8211; s\u0105 to pu\u0142apki z kt\u00f3rymi mieli\u015bmy do czynienia.<\/p>\n<p style=\"text-align: center;\"><b>Piloci<\/b><br \/>\nJuraj Kleja<br \/>\nDalibor Carbol<br \/>\nKarel Vrbensk\u00fd<\/p>\n<p style=\"text-align: center;\"><img loading=\"lazy\" decoding=\"async\" class=\"alignnone wp-image-13245 size-full\" src=\"https:\/\/elspeedo.cz\/wp-content\/uploads\/2016\/11\/chantengri_01.jpg\" alt=\"chantengri_01\" width=\"200\" height=\"200\" srcset=\"https:\/\/elspeedo.cz\/wp-content\/uploads\/2016\/11\/chantengri_01.jpg 200w, https:\/\/elspeedo.cz\/wp-content\/uploads\/2016\/11\/chantengri_01-150x150.jpg 150w, https:\/\/elspeedo.cz\/wp-content\/uploads\/2016\/11\/chantengri_01-180x180.jpg 180w, https:\/\/elspeedo.cz\/wp-content\/uploads\/2016\/11\/chantengri_01-32x32.jpg 32w, https:\/\/elspeedo.cz\/wp-content\/uploads\/2016\/11\/chantengri_01-60x60.jpg 60w\" sizes=\"auto, (max-width: 200px) 100vw, 200px\" \/><img loading=\"lazy\" decoding=\"async\" class=\"alignnone size-medium wp-image-13246\" src=\"https:\/\/elspeedo.cz\/wp-content\/uploads\/2016\/11\/chantengri_02.jpg\" alt=\"chantengri_02\" width=\"200\" height=\"200\" srcset=\"https:\/\/elspeedo.cz\/wp-content\/uploads\/2016\/11\/chantengri_02.jpg 200w, https:\/\/elspeedo.cz\/wp-content\/uploads\/2016\/11\/chantengri_02-150x150.jpg 150w, https:\/\/elspeedo.cz\/wp-content\/uploads\/2016\/11\/chantengri_02-180x180.jpg 180w, https:\/\/elspeedo.cz\/wp-content\/uploads\/2016\/11\/chantengri_02-32x32.jpg 32w, https:\/\/elspeedo.cz\/wp-content\/uploads\/2016\/11\/chantengri_02-60x60.jpg 60w, https:\/\/elspeedo.cz\/wp-content\/uploads\/2016\/11\/chantengri_02-1024x1024.jpg 1024w\" sizes=\"auto, (max-width: 200px) 100vw, 200px\" \/><img loading=\"lazy\" decoding=\"async\" class=\"alignnone size-medium wp-image-13247\" src=\"https:\/\/elspeedo.cz\/wp-content\/uploads\/2016\/11\/chantengri_03.jpg\" alt=\"chantengri_03\" width=\"200\" height=\"200\" srcset=\"https:\/\/elspeedo.cz\/wp-content\/uploads\/2016\/11\/chantengri_03.jpg 200w, https:\/\/elspeedo.cz\/wp-content\/uploads\/2016\/11\/chantengri_03-150x150.jpg 150w, https:\/\/elspeedo.cz\/wp-content\/uploads\/2016\/11\/chantengri_03-180x180.jpg 180w, https:\/\/elspeedo.cz\/wp-content\/uploads\/2016\/11\/chantengri_03-32x32.jpg 32w, https:\/\/elspeedo.cz\/wp-content\/uploads\/2016\/11\/chantengri_03-60x60.jpg 60w\" sizes=\"auto, (max-width: 200px) 100vw, 200px\" \/><\/p>\n[\/vc_column_text][mk_padding_divider][mk_title_box font_family=&#8221;none&#8221;]\n<h2 style=\"text-align: center;\">Artyku\u0142y<\/h2>\n[\/mk_title_box][mk_blog style=&#8221;thumbnail&#8221; grid_image_height=&#8221;220&#8243; posts=&#8221;22661, 22446, 22531&#8243;][mk_title_box font_family=&#8221;none&#8221;]\n<h2 style=\"text-align: center;\">Fotogalerie<\/h2>\n[\/mk_title_box][mk_blog style=&#8221;thumbnail&#8221; grid_image_height=&#8221;220&#8243; posts=&#8221;22529&#8243;][mk_title_box font_family=&#8221;none&#8221;]\n<h2 style=\"text-align: center;\">Wideo<\/h2>\n[\/mk_title_box][mk_blog style=&#8221;thumbnail&#8221; grid_image_height=&#8221;220&#8243; posts=&#8221;22536, 22601, 22615&#8243;][\/vc_column][\/vc_row]\n<\/div>","protected":false},"excerpt":{"rendered":"<p>W roku 2012 postanowili\u015bmy doko\u0144czy\u0107 nasz lot biwakowy z poprzednich lat i dolecie\u0107 nad Chan Tengri \u2013 drug\u0105 najwy\u017csz\u0105 g\u00f3r\u0119 Tien Shan w p\u00f3\u0142nocnowschodnim Kirgistanie.<\/p>\n","protected":false},"author":4,"featured_media":25551,"comment_status":"open","ping_status":"open","sticky":false,"template":"","format":"standard","meta":{"_tribe_blocks_recurrence_rules":"","_tribe_blocks_recurrence_exclusions":"","_tribe_blocks_recurrence_description":"","footnotes":""},"categories":[1168,997,692],"tags":[957,561,958],"class_list":["post-17930","post","type-post","status-publish","format-standard","has-post-thumbnail","hentry","category-bivak-pl","category-nasze-wyprawy-fly7000-pl","category-podrozowanie-pl","tag-bivaky-pl","tag-expedice-pl","tag-kyrgyzstan-pl"],"yoast_head":"<!-- This site is optimized with the Yoast SEO plugin v27.0 - https:\/\/yoast.com\/product\/yoast-seo-wordpress\/ -->\n<title>CHAN TENGRI- Kirgistan 2012 &#8212; El Speedo<\/title>\n<meta name=\"description\" content=\"Expedice Kyrgyzst\u00e1n Chan Tengri 2012. Po \u00fasp\u011bchu p\u0159i letu ke K2 jsme dal\u0161\u00ed expedici pro rok 2012 presentovali jako lite verzi bivaku v Thian Shanu\" \/>\n<meta name=\"robots\" content=\"index, follow, max-snippet:-1, max-image-preview:large, max-video-preview:-1\" \/>\n<link rel=\"canonical\" href=\"https:\/\/elspeedo.cz\/pl\/chan-tengri-kirgistan-2012\/\" \/>\n<meta property=\"og:locale\" content=\"pl_PL\" \/>\n<meta property=\"og:type\" content=\"article\" \/>\n<meta property=\"og:title\" content=\"CHAN TENGRI- Kirgistan 2012 &#8212; El Speedo\" \/>\n<meta property=\"og:description\" content=\"Expedice Kyrgyzst\u00e1n Chan Tengri 2012. Po \u00fasp\u011bchu p\u0159i letu ke K2 jsme dal\u0161\u00ed expedici pro rok 2012 presentovali jako lite verzi bivaku v Thian Shanu\" \/>\n<meta property=\"og:url\" content=\"https:\/\/elspeedo.cz\/pl\/chan-tengri-kirgistan-2012\/\" \/>\n<meta property=\"og:site_name\" content=\"El Speedo\" \/>\n<meta property=\"article:publisher\" content=\"http:\/\/www.facebook.com\/paragliding.elspeedo.cz\/?fref=ts\" \/>\n<meta property=\"article:published_time\" content=\"2016-11-28T13:32:04+00:00\" \/>\n<meta property=\"article:modified_time\" content=\"2017-08-20T11:17:59+00:00\" \/>\n<meta property=\"og:image\" content=\"https:\/\/elspeedo.cz\/wp-content\/uploads\/2016\/11\/fly7000_2012.jpg\" \/>\n\t<meta property=\"og:image:width\" content=\"200\" \/>\n\t<meta property=\"og:image:height\" content=\"100\" \/>\n\t<meta property=\"og:image:type\" content=\"image\/jpeg\" \/>\n<meta name=\"author\" content=\"Dalibor Carbol\" \/>\n<meta name=\"twitter:card\" content=\"summary_large_image\" \/>\n<meta name=\"twitter:label1\" content=\"Napisane przez\" \/>\n\t<meta name=\"twitter:data1\" content=\"Dalibor Carbol\" \/>\n\t<meta name=\"twitter:label2\" content=\"Szacowany czas czytania\" \/>\n\t<meta name=\"twitter:data2\" content=\"1 minuta\" \/>\n<script type=\"application\/ld+json\" class=\"yoast-schema-graph\">{\"@context\":\"https:\/\/schema.org\",\"@graph\":[{\"@type\":\"Article\",\"@id\":\"https:\/\/elspeedo.cz\/pl\/chan-tengri-kirgistan-2012\/#article\",\"isPartOf\":{\"@id\":\"https:\/\/elspeedo.cz\/pl\/chan-tengri-kirgistan-2012\/\"},\"author\":{\"name\":\"Dalibor Carbol\",\"@id\":\"https:\/\/elspeedo.cz\/#\/schema\/person\/845111a5f10bae8b99a8a55ee13640ac\"},\"headline\":\"CHAN TENGRI- Kirgistan 2012\",\"datePublished\":\"2016-11-28T13:32:04+00:00\",\"dateModified\":\"2017-08-20T11:17:59+00:00\",\"mainEntityOfPage\":{\"@id\":\"https:\/\/elspeedo.cz\/pl\/chan-tengri-kirgistan-2012\/\"},\"wordCount\":172,\"commentCount\":0,\"image\":{\"@id\":\"https:\/\/elspeedo.cz\/pl\/chan-tengri-kirgistan-2012\/#primaryimage\"},\"thumbnailUrl\":\"https:\/\/elspeedo.cz\/wp-content\/uploads\/2016\/11\/fly7000_2012.jpg\",\"keywords\":[\"bivaky\",\"expedice\",\"Kyrgyzst\u00e1n\"],\"articleSection\":[\"Bivak\",\"Nasz\u0119 wyprawy FLY 7000\",\"Podr\u00f3\u017cowanie\"],\"inLanguage\":\"pl-PL\",\"potentialAction\":[{\"@type\":\"CommentAction\",\"name\":\"Comment\",\"target\":[\"https:\/\/elspeedo.cz\/pl\/chan-tengri-kirgistan-2012\/#respond\"]}]},{\"@type\":\"WebPage\",\"@id\":\"https:\/\/elspeedo.cz\/pl\/chan-tengri-kirgistan-2012\/\",\"url\":\"https:\/\/elspeedo.cz\/pl\/chan-tengri-kirgistan-2012\/\",\"name\":\"CHAN TENGRI- Kirgistan 2012 &#8212; El Speedo\",\"isPartOf\":{\"@id\":\"https:\/\/elspeedo.cz\/#website\"},\"primaryImageOfPage\":{\"@id\":\"https:\/\/elspeedo.cz\/pl\/chan-tengri-kirgistan-2012\/#primaryimage\"},\"image\":{\"@id\":\"https:\/\/elspeedo.cz\/pl\/chan-tengri-kirgistan-2012\/#primaryimage\"},\"thumbnailUrl\":\"https:\/\/elspeedo.cz\/wp-content\/uploads\/2016\/11\/fly7000_2012.jpg\",\"datePublished\":\"2016-11-28T13:32:04+00:00\",\"dateModified\":\"2017-08-20T11:17:59+00:00\",\"author\":{\"@id\":\"https:\/\/elspeedo.cz\/#\/schema\/person\/845111a5f10bae8b99a8a55ee13640ac\"},\"description\":\"Expedice Kyrgyzst\u00e1n Chan Tengri 2012. Po \u00fasp\u011bchu p\u0159i letu ke K2 jsme dal\u0161\u00ed expedici pro rok 2012 presentovali jako lite verzi bivaku v Thian Shanu\",\"breadcrumb\":{\"@id\":\"https:\/\/elspeedo.cz\/pl\/chan-tengri-kirgistan-2012\/#breadcrumb\"},\"inLanguage\":\"pl-PL\",\"potentialAction\":[{\"@type\":\"ReadAction\",\"target\":[\"https:\/\/elspeedo.cz\/pl\/chan-tengri-kirgistan-2012\/\"]}]},{\"@type\":\"ImageObject\",\"inLanguage\":\"pl-PL\",\"@id\":\"https:\/\/elspeedo.cz\/pl\/chan-tengri-kirgistan-2012\/#primaryimage\",\"url\":\"https:\/\/elspeedo.cz\/wp-content\/uploads\/2016\/11\/fly7000_2012.jpg\",\"contentUrl\":\"https:\/\/elspeedo.cz\/wp-content\/uploads\/2016\/11\/fly7000_2012.jpg\",\"width\":200,\"height\":100},{\"@type\":\"BreadcrumbList\",\"@id\":\"https:\/\/elspeedo.cz\/pl\/chan-tengri-kirgistan-2012\/#breadcrumb\",\"itemListElement\":[{\"@type\":\"ListItem\",\"position\":1,\"name\":\"Dom\u016f\",\"item\":\"https:\/\/elspeedo.cz\/pl\/\"},{\"@type\":\"ListItem\",\"position\":2,\"name\":\"CHAN TENGRI- Kirgistan 2012\"}]},{\"@type\":\"WebSite\",\"@id\":\"https:\/\/elspeedo.cz\/#website\",\"url\":\"https:\/\/elspeedo.cz\/\",\"name\":\"El Speedo\",\"description\":\"Paragliding - kurzy, vybaven\u00ed, v\u00fdlety, komunita\",\"potentialAction\":[{\"@type\":\"SearchAction\",\"target\":{\"@type\":\"EntryPoint\",\"urlTemplate\":\"https:\/\/elspeedo.cz\/?s={search_term_string}\"},\"query-input\":{\"@type\":\"PropertyValueSpecification\",\"valueRequired\":true,\"valueName\":\"search_term_string\"}}],\"inLanguage\":\"pl-PL\"},{\"@type\":\"Person\",\"@id\":\"https:\/\/elspeedo.cz\/#\/schema\/person\/845111a5f10bae8b99a8a55ee13640ac\",\"name\":\"Dalibor Carbol\",\"image\":{\"@type\":\"ImageObject\",\"inLanguage\":\"pl-PL\",\"@id\":\"https:\/\/elspeedo.cz\/#\/schema\/person\/image\/\",\"url\":\"https:\/\/secure.gravatar.com\/avatar\/d659f476dca7f72f968cff594e14b0aa19a0a223ccfd746038f2317fba023899?s=96&d=mm&r=g\",\"contentUrl\":\"https:\/\/secure.gravatar.com\/avatar\/d659f476dca7f72f968cff594e14b0aa19a0a223ccfd746038f2317fba023899?s=96&d=mm&r=g\",\"caption\":\"Dalibor Carbol\"},\"sameAs\":[\"https:\/\/elspeedo.cz\"],\"url\":\"https:\/\/elspeedo.cz\/pl\/author\/dalibor\/\"}]}<\/script>\n<!-- \/ Yoast SEO plugin. -->","yoast_head_json":{"title":"CHAN TENGRI- Kirgistan 2012 &#8212; El Speedo","description":"Expedice Kyrgyzst\u00e1n Chan Tengri 2012. Po \u00fasp\u011bchu p\u0159i letu ke K2 jsme dal\u0161\u00ed expedici pro rok 2012 presentovali jako lite verzi bivaku v Thian Shanu","robots":{"index":"index","follow":"follow","max-snippet":"max-snippet:-1","max-image-preview":"max-image-preview:large","max-video-preview":"max-video-preview:-1"},"canonical":"https:\/\/elspeedo.cz\/pl\/chan-tengri-kirgistan-2012\/","og_locale":"pl_PL","og_type":"article","og_title":"CHAN TENGRI- Kirgistan 2012 &#8212; El Speedo","og_description":"Expedice Kyrgyzst\u00e1n Chan Tengri 2012. Po \u00fasp\u011bchu p\u0159i letu ke K2 jsme dal\u0161\u00ed expedici pro rok 2012 presentovali jako lite verzi bivaku v Thian Shanu","og_url":"https:\/\/elspeedo.cz\/pl\/chan-tengri-kirgistan-2012\/","og_site_name":"El Speedo","article_publisher":"http:\/\/www.facebook.com\/paragliding.elspeedo.cz\/?fref=ts","article_published_time":"2016-11-28T13:32:04+00:00","article_modified_time":"2017-08-20T11:17:59+00:00","og_image":[{"width":200,"height":100,"url":"https:\/\/elspeedo.cz\/wp-content\/uploads\/2016\/11\/fly7000_2012.jpg","type":"image\/jpeg"}],"author":"Dalibor Carbol","twitter_card":"summary_large_image","twitter_misc":{"Napisane przez":"Dalibor Carbol","Szacowany czas czytania":"1 minuta"},"schema":{"@context":"https:\/\/schema.org","@graph":[{"@type":"Article","@id":"https:\/\/elspeedo.cz\/pl\/chan-tengri-kirgistan-2012\/#article","isPartOf":{"@id":"https:\/\/elspeedo.cz\/pl\/chan-tengri-kirgistan-2012\/"},"author":{"name":"Dalibor Carbol","@id":"https:\/\/elspeedo.cz\/#\/schema\/person\/845111a5f10bae8b99a8a55ee13640ac"},"headline":"CHAN TENGRI- Kirgistan 2012","datePublished":"2016-11-28T13:32:04+00:00","dateModified":"2017-08-20T11:17:59+00:00","mainEntityOfPage":{"@id":"https:\/\/elspeedo.cz\/pl\/chan-tengri-kirgistan-2012\/"},"wordCount":172,"commentCount":0,"image":{"@id":"https:\/\/elspeedo.cz\/pl\/chan-tengri-kirgistan-2012\/#primaryimage"},"thumbnailUrl":"https:\/\/elspeedo.cz\/wp-content\/uploads\/2016\/11\/fly7000_2012.jpg","keywords":["bivaky","expedice","Kyrgyzst\u00e1n"],"articleSection":["Bivak","Nasz\u0119 wyprawy FLY 7000","Podr\u00f3\u017cowanie"],"inLanguage":"pl-PL","potentialAction":[{"@type":"CommentAction","name":"Comment","target":["https:\/\/elspeedo.cz\/pl\/chan-tengri-kirgistan-2012\/#respond"]}]},{"@type":"WebPage","@id":"https:\/\/elspeedo.cz\/pl\/chan-tengri-kirgistan-2012\/","url":"https:\/\/elspeedo.cz\/pl\/chan-tengri-kirgistan-2012\/","name":"CHAN TENGRI- Kirgistan 2012 &#8212; El Speedo","isPartOf":{"@id":"https:\/\/elspeedo.cz\/#website"},"primaryImageOfPage":{"@id":"https:\/\/elspeedo.cz\/pl\/chan-tengri-kirgistan-2012\/#primaryimage"},"image":{"@id":"https:\/\/elspeedo.cz\/pl\/chan-tengri-kirgistan-2012\/#primaryimage"},"thumbnailUrl":"https:\/\/elspeedo.cz\/wp-content\/uploads\/2016\/11\/fly7000_2012.jpg","datePublished":"2016-11-28T13:32:04+00:00","dateModified":"2017-08-20T11:17:59+00:00","author":{"@id":"https:\/\/elspeedo.cz\/#\/schema\/person\/845111a5f10bae8b99a8a55ee13640ac"},"description":"Expedice Kyrgyzst\u00e1n Chan Tengri 2012. Po \u00fasp\u011bchu p\u0159i letu ke K2 jsme dal\u0161\u00ed expedici pro rok 2012 presentovali jako lite verzi bivaku v Thian Shanu","breadcrumb":{"@id":"https:\/\/elspeedo.cz\/pl\/chan-tengri-kirgistan-2012\/#breadcrumb"},"inLanguage":"pl-PL","potentialAction":[{"@type":"ReadAction","target":["https:\/\/elspeedo.cz\/pl\/chan-tengri-kirgistan-2012\/"]}]},{"@type":"ImageObject","inLanguage":"pl-PL","@id":"https:\/\/elspeedo.cz\/pl\/chan-tengri-kirgistan-2012\/#primaryimage","url":"https:\/\/elspeedo.cz\/wp-content\/uploads\/2016\/11\/fly7000_2012.jpg","contentUrl":"https:\/\/elspeedo.cz\/wp-content\/uploads\/2016\/11\/fly7000_2012.jpg","width":200,"height":100},{"@type":"BreadcrumbList","@id":"https:\/\/elspeedo.cz\/pl\/chan-tengri-kirgistan-2012\/#breadcrumb","itemListElement":[{"@type":"ListItem","position":1,"name":"Dom\u016f","item":"https:\/\/elspeedo.cz\/pl\/"},{"@type":"ListItem","position":2,"name":"CHAN TENGRI- Kirgistan 2012"}]},{"@type":"WebSite","@id":"https:\/\/elspeedo.cz\/#website","url":"https:\/\/elspeedo.cz\/","name":"El Speedo","description":"Paragliding - kurzy, vybaven\u00ed, v\u00fdlety, komunita","potentialAction":[{"@type":"SearchAction","target":{"@type":"EntryPoint","urlTemplate":"https:\/\/elspeedo.cz\/?s={search_term_string}"},"query-input":{"@type":"PropertyValueSpecification","valueRequired":true,"valueName":"search_term_string"}}],"inLanguage":"pl-PL"},{"@type":"Person","@id":"https:\/\/elspeedo.cz\/#\/schema\/person\/845111a5f10bae8b99a8a55ee13640ac","name":"Dalibor Carbol","image":{"@type":"ImageObject","inLanguage":"pl-PL","@id":"https:\/\/elspeedo.cz\/#\/schema\/person\/image\/","url":"https:\/\/secure.gravatar.com\/avatar\/d659f476dca7f72f968cff594e14b0aa19a0a223ccfd746038f2317fba023899?s=96&d=mm&r=g","contentUrl":"https:\/\/secure.gravatar.com\/avatar\/d659f476dca7f72f968cff594e14b0aa19a0a223ccfd746038f2317fba023899?s=96&d=mm&r=g","caption":"Dalibor Carbol"},"sameAs":["https:\/\/elspeedo.cz"],"url":"https:\/\/elspeedo.cz\/pl\/author\/dalibor\/"}]}},"_links":{"self":[{"href":"https:\/\/elspeedo.cz\/pl\/wp-json\/wp\/v2\/posts\/17930","targetHints":{"allow":["GET"]}}],"collection":[{"href":"https:\/\/elspeedo.cz\/pl\/wp-json\/wp\/v2\/posts"}],"about":[{"href":"https:\/\/elspeedo.cz\/pl\/wp-json\/wp\/v2\/types\/post"}],"author":[{"embeddable":true,"href":"https:\/\/elspeedo.cz\/pl\/wp-json\/wp\/v2\/users\/4"}],"replies":[{"embeddable":true,"href":"https:\/\/elspeedo.cz\/pl\/wp-json\/wp\/v2\/comments?post=17930"}],"version-history":[{"count":0,"href":"https:\/\/elspeedo.cz\/pl\/wp-json\/wp\/v2\/posts\/17930\/revisions"}],"wp:featuredmedia":[{"embeddable":true,"href":"https:\/\/elspeedo.cz\/pl\/wp-json\/wp\/v2\/media\/25551"}],"wp:attachment":[{"href":"https:\/\/elspeedo.cz\/pl\/wp-json\/wp\/v2\/media?parent=17930"}],"wp:term":[{"taxonomy":"category","embeddable":true,"href":"https:\/\/elspeedo.cz\/pl\/wp-json\/wp\/v2\/categories?post=17930"},{"taxonomy":"post_tag","embeddable":true,"href":"https:\/\/elspeedo.cz\/pl\/wp-json\/wp\/v2\/tags?post=17930"}],"curies":[{"name":"wp","href":"https:\/\/api.w.org\/{rel}","templated":true}]}}