{"id":28344,"date":"2016-10-17T08:00:00","date_gmt":"2016-10-17T07:00:00","guid":{"rendered":"https:\/\/elspeedo.cz\/andalusie-2016-pohoda-slunce-a-paragliding-na-jihu-spanelska\/"},"modified":"2017-04-26T15:41:42","modified_gmt":"2017-04-26T14:41:42","slug":"andaluzja-2016-miejsce-w-ktorym-mozna-sie-zakochac","status":"publish","type":"post","link":"https:\/\/elspeedo.cz\/pl\/andaluzja-2016-miejsce-w-ktorym-mozna-sie-zakochac\/","title":{"rendered":"Andaluzja 2016 &#8211; miejsce w kt\u00f3rym mo\u017cna si\u0119 zakocha\u0107."},"content":{"rendered":"<p>Sp\u0119dzili\u015bmy tydzie\u0144 w Algodonales i okolicach (Andaluzja). Latali\u015bmy, degustowali\u015bmy, podziwiali\u015bmy histori\u0119 i natur\u0119. Po tym czasie wniosek jest jasny: Jeden tydzie\u0144 to za ma\u0142o! W przysz\u0142ym roku co najmniej na miesi\u0105c.<\/p>\n","protected":false},"excerpt":{"rendered":"<p>Sp\u0119dzili\u015bmy tydzie\u0144 w Algodonales i okolicach (Andaluzja). Latali\u015bmy, degustowali\u015bmy, podziwiali\u015bmy histori\u0119 i natur\u0119. Po tym czasie wniosek jest jasny: Jeden tydzie\u0144 to za ma\u0142o! W przysz\u0142ym roku co najmniej na miesi\u0105c.<\/p>\n","protected":false},"author":3878,"featured_media":35840,"comment_status":"open","ping_status":"open","sticky":false,"template":"","format":"standard","meta":{"_tribe_blocks_recurrence_rules":"","_tribe_blocks_recurrence_exclusions":"","_tribe_blocks_recurrence_description":"","footnotes":""},"categories":[432,546],"tags":[790,684,561,389,791,739],"class_list":["post-28344","post","type-post","status-publish","format-standard","has-post-thumbnail","hentry","category-fotogaleria-pl","category-szkola-pl","tag-andalusie-pl","tag-el-speedo-pl","tag-expedice-pl","tag-paragliding-pl","tag-skola-pl","tag-vylety-pl"],"yoast_head":"<!-- This site is optimized with the Yoast SEO plugin v27.0 - https:\/\/yoast.com\/product\/yoast-seo-wordpress\/ -->\n<title>Andaluzja 2016 - miejsce w kt\u00f3rym mo\u017cna si\u0119 zakocha\u0107. &#8212; El Speedo<\/title>\n<meta name=\"description\" content=\"El Speedo je nejv\u011bt\u0161\u00ed paraglidingov\u00e1 komunita a \u0161kola v \u010cR. Tandemov\u00e9 seskoky, kurzy, expedice a paragliding v\u00fdbava\" \/>\n<meta name=\"robots\" content=\"index, follow, max-snippet:-1, max-image-preview:large, max-video-preview:-1\" \/>\n<link rel=\"canonical\" href=\"https:\/\/elspeedo.cz\/andalusie-2016-pohoda-slunce-a-paragliding-na-jihu-spanelska\/\" \/>\n<meta property=\"og:locale\" content=\"pl_PL\" \/>\n<meta property=\"og:type\" content=\"article\" \/>\n<meta property=\"og:title\" content=\"Andaluzja 2016 - miejsce w kt\u00f3rym mo\u017cna si\u0119 zakocha\u0107. &#8212; El Speedo\" \/>\n<meta property=\"og:description\" content=\"El Speedo je nejv\u011bt\u0161\u00ed paraglidingov\u00e1 komunita a \u0161kola v \u010cR. Tandemov\u00e9 seskoky, kurzy, expedice a paragliding v\u00fdbava\" \/>\n<meta property=\"og:url\" content=\"https:\/\/elspeedo.cz\/andalusie-2016-pohoda-slunce-a-paragliding-na-jihu-spanelska\/\" \/>\n<meta property=\"og:site_name\" content=\"El Speedo\" \/>\n<meta property=\"article:publisher\" content=\"http:\/\/www.facebook.com\/paragliding.elspeedo.cz\/?fref=ts\" \/>\n<meta property=\"article:published_time\" content=\"2016-10-17T07:00:00+00:00\" \/>\n<meta property=\"article:modified_time\" content=\"2017-04-26T14:41:42+00:00\" \/>\n<meta property=\"og:image\" content=\"https:\/\/elspeedo.cz\/wp-content\/uploads\/2017\/01\/2016-elspeedo-paragliding-andalusia-002-800x531.jpg\" \/>\n\t<meta property=\"og:image:width\" content=\"800\" \/>\n\t<meta property=\"og:image:height\" content=\"531\" \/>\n\t<meta property=\"og:image:type\" content=\"image\/jpeg\" \/>\n<meta name=\"author\" content=\"El Speedo\" \/>\n<meta name=\"twitter:card\" content=\"summary_large_image\" \/>\n<meta name=\"twitter:label1\" content=\"Napisane przez\" \/>\n\t<meta name=\"twitter:data1\" content=\"El Speedo\" \/>\n<script type=\"application\/ld+json\" class=\"yoast-schema-graph\">{\"@context\":\"https:\/\/schema.org\",\"@graph\":[{\"@type\":\"Article\",\"@id\":\"https:\/\/elspeedo.cz\/andalusie-2016-pohoda-slunce-a-paragliding-na-jihu-spanelska\/#article\",\"isPartOf\":{\"@id\":\"https:\/\/elspeedo.cz\/andalusie-2016-pohoda-slunce-a-paragliding-na-jihu-spanelska\/\"},\"author\":{\"name\":\"El Speedo\",\"@id\":\"https:\/\/elspeedo.cz\/#\/schema\/person\/70e827c2cfc56138754203bae09a7ba6\"},\"headline\":\"Andaluzja 2016 &#8211; miejsce w kt\u00f3rym mo\u017cna si\u0119 zakocha\u0107.\",\"datePublished\":\"2016-10-17T07:00:00+00:00\",\"dateModified\":\"2017-04-26T14:41:42+00:00\",\"mainEntityOfPage\":{\"@id\":\"https:\/\/elspeedo.cz\/andalusie-2016-pohoda-slunce-a-paragliding-na-jihu-spanelska\/\"},\"wordCount\":49,\"commentCount\":0,\"image\":{\"@id\":\"https:\/\/elspeedo.cz\/andalusie-2016-pohoda-slunce-a-paragliding-na-jihu-spanelska\/#primaryimage\"},\"thumbnailUrl\":\"https:\/\/elspeedo.cz\/wp-content\/uploads\/2017\/01\/2016-elspeedo-paragliding-andalusia-002-800x531.jpg\",\"keywords\":[\"Andalusie\",\"El Speedo\",\"expedice\",\"paragliding\",\"\u0161kola\",\"v\u00fdlety\"],\"articleSection\":[\"FOTOGALERIE\",\"\u0160kola\"],\"inLanguage\":\"pl-PL\",\"potentialAction\":[{\"@type\":\"CommentAction\",\"name\":\"Comment\",\"target\":[\"https:\/\/elspeedo.cz\/andalusie-2016-pohoda-slunce-a-paragliding-na-jihu-spanelska\/#respond\"]}]},{\"@type\":\"WebPage\",\"@id\":\"https:\/\/elspeedo.cz\/andalusie-2016-pohoda-slunce-a-paragliding-na-jihu-spanelska\/\",\"url\":\"https:\/\/elspeedo.cz\/andalusie-2016-pohoda-slunce-a-paragliding-na-jihu-spanelska\/\",\"name\":\"Andaluzja 2016 - miejsce w kt\u00f3rym mo\u017cna si\u0119 zakocha\u0107. &#8212; El Speedo\",\"isPartOf\":{\"@id\":\"https:\/\/elspeedo.cz\/#website\"},\"primaryImageOfPage\":{\"@id\":\"https:\/\/elspeedo.cz\/andalusie-2016-pohoda-slunce-a-paragliding-na-jihu-spanelska\/#primaryimage\"},\"image\":{\"@id\":\"https:\/\/elspeedo.cz\/andalusie-2016-pohoda-slunce-a-paragliding-na-jihu-spanelska\/#primaryimage\"},\"thumbnailUrl\":\"https:\/\/elspeedo.cz\/wp-content\/uploads\/2017\/01\/2016-elspeedo-paragliding-andalusia-002-800x531.jpg\",\"datePublished\":\"2016-10-17T07:00:00+00:00\",\"dateModified\":\"2017-04-26T14:41:42+00:00\",\"author\":{\"@id\":\"https:\/\/elspeedo.cz\/#\/schema\/person\/70e827c2cfc56138754203bae09a7ba6\"},\"description\":\"El Speedo je nejv\u011bt\u0161\u00ed paraglidingov\u00e1 komunita a \u0161kola v \u010cR. Tandemov\u00e9 seskoky, kurzy, expedice a paragliding v\u00fdbava\",\"breadcrumb\":{\"@id\":\"https:\/\/elspeedo.cz\/andalusie-2016-pohoda-slunce-a-paragliding-na-jihu-spanelska\/#breadcrumb\"},\"inLanguage\":\"pl-PL\",\"potentialAction\":[{\"@type\":\"ReadAction\",\"target\":[\"https:\/\/elspeedo.cz\/andalusie-2016-pohoda-slunce-a-paragliding-na-jihu-spanelska\/\"]}]},{\"@type\":\"ImageObject\",\"inLanguage\":\"pl-PL\",\"@id\":\"https:\/\/elspeedo.cz\/andalusie-2016-pohoda-slunce-a-paragliding-na-jihu-spanelska\/#primaryimage\",\"url\":\"https:\/\/elspeedo.cz\/wp-content\/uploads\/2017\/01\/2016-elspeedo-paragliding-andalusia-002-800x531.jpg\",\"contentUrl\":\"https:\/\/elspeedo.cz\/wp-content\/uploads\/2017\/01\/2016-elspeedo-paragliding-andalusia-002-800x531.jpg\",\"width\":800,\"height\":531},{\"@type\":\"BreadcrumbList\",\"@id\":\"https:\/\/elspeedo.cz\/andalusie-2016-pohoda-slunce-a-paragliding-na-jihu-spanelska\/#breadcrumb\",\"itemListElement\":[{\"@type\":\"ListItem\",\"position\":1,\"name\":\"Dom\u016f\",\"item\":\"https:\/\/elspeedo.cz\/pl\/\"},{\"@type\":\"ListItem\",\"position\":2,\"name\":\"Andaluzja 2016 &#8211; miejsce w kt\u00f3rym mo\u017cna si\u0119 zakocha\u0107.\"}]},{\"@type\":\"WebSite\",\"@id\":\"https:\/\/elspeedo.cz\/#website\",\"url\":\"https:\/\/elspeedo.cz\/\",\"name\":\"El Speedo\",\"description\":\"Paragliding - kurzy, vybaven\u00ed, v\u00fdlety, komunita\",\"potentialAction\":[{\"@type\":\"SearchAction\",\"target\":{\"@type\":\"EntryPoint\",\"urlTemplate\":\"https:\/\/elspeedo.cz\/?s={search_term_string}\"},\"query-input\":{\"@type\":\"PropertyValueSpecification\",\"valueRequired\":true,\"valueName\":\"search_term_string\"}}],\"inLanguage\":\"pl-PL\"},{\"@type\":\"Person\",\"@id\":\"https:\/\/elspeedo.cz\/#\/schema\/person\/70e827c2cfc56138754203bae09a7ba6\",\"name\":\"El Speedo\",\"image\":{\"@type\":\"ImageObject\",\"inLanguage\":\"pl-PL\",\"@id\":\"https:\/\/elspeedo.cz\/#\/schema\/person\/image\/\",\"url\":\"https:\/\/secure.gravatar.com\/avatar\/38d079760933374eb6d633faea75657a35812ddeb9eab6de34b7be5cf4756c38?s=96&d=mm&r=g\",\"contentUrl\":\"https:\/\/secure.gravatar.com\/avatar\/38d079760933374eb6d633faea75657a35812ddeb9eab6de34b7be5cf4756c38?s=96&d=mm&r=g\",\"caption\":\"El Speedo\"},\"description\":\"Projekt El Speedo zahrnuje komplexn\u00ed slu\u017eby pro piloty paraglidingu a klienty, kte\u0159\u00ed cht\u011bj\u00ed paragliding vyzkou\u0161et. Nab\u00edz\u00edme \u0161irok\u00e9 spektrum tandemov\u00fdch let\u016f na svahov\u00e9m kluz\u00e1ku, z\u00e1kladn\u00ed v\u00fduku paraglidingu, pokra\u010dovac\u00ed kurzy, v\u00fdlety do zahrani\u010d\u00ed a expedice do exotick\u00fdch zem\u00ed. V\u011bnujeme se v\u00fdvoji a v\u00fdrob\u011b vlastn\u00edho paraglidingov\u00e9ho vybaven\u00ed, spravujeme vlastn\u00ed letov\u00e9 ter\u00e9ny v Beskydech a po\u0159\u00e1d\u00e1me vzd\u011bl\u00e1vac\u00ed semin\u00e1\u0159e pro piloty a sout\u011b\u017ee.\",\"url\":\"https:\/\/elspeedo.cz\/pl\/author\/devx\/\"}]}<\/script>\n<!-- \/ Yoast SEO plugin. -->","yoast_head_json":{"title":"Andaluzja 2016 - miejsce w kt\u00f3rym mo\u017cna si\u0119 zakocha\u0107. &#8212; El Speedo","description":"El Speedo je nejv\u011bt\u0161\u00ed paraglidingov\u00e1 komunita a \u0161kola v \u010cR. Tandemov\u00e9 seskoky, kurzy, expedice a paragliding v\u00fdbava","robots":{"index":"index","follow":"follow","max-snippet":"max-snippet:-1","max-image-preview":"max-image-preview:large","max-video-preview":"max-video-preview:-1"},"canonical":"https:\/\/elspeedo.cz\/andalusie-2016-pohoda-slunce-a-paragliding-na-jihu-spanelska\/","og_locale":"pl_PL","og_type":"article","og_title":"Andaluzja 2016 - miejsce w kt\u00f3rym mo\u017cna si\u0119 zakocha\u0107. &#8212; El Speedo","og_description":"El Speedo je nejv\u011bt\u0161\u00ed paraglidingov\u00e1 komunita a \u0161kola v \u010cR. Tandemov\u00e9 seskoky, kurzy, expedice a paragliding v\u00fdbava","og_url":"https:\/\/elspeedo.cz\/andalusie-2016-pohoda-slunce-a-paragliding-na-jihu-spanelska\/","og_site_name":"El Speedo","article_publisher":"http:\/\/www.facebook.com\/paragliding.elspeedo.cz\/?fref=ts","article_published_time":"2016-10-17T07:00:00+00:00","article_modified_time":"2017-04-26T14:41:42+00:00","og_image":[{"width":800,"height":531,"url":"https:\/\/elspeedo.cz\/wp-content\/uploads\/2017\/01\/2016-elspeedo-paragliding-andalusia-002-800x531.jpg","type":"image\/jpeg"}],"author":"El Speedo","twitter_card":"summary_large_image","twitter_misc":{"Napisane przez":"El Speedo"},"schema":{"@context":"https:\/\/schema.org","@graph":[{"@type":"Article","@id":"https:\/\/elspeedo.cz\/andalusie-2016-pohoda-slunce-a-paragliding-na-jihu-spanelska\/#article","isPartOf":{"@id":"https:\/\/elspeedo.cz\/andalusie-2016-pohoda-slunce-a-paragliding-na-jihu-spanelska\/"},"author":{"name":"El Speedo","@id":"https:\/\/elspeedo.cz\/#\/schema\/person\/70e827c2cfc56138754203bae09a7ba6"},"headline":"Andaluzja 2016 &#8211; miejsce w kt\u00f3rym mo\u017cna si\u0119 zakocha\u0107.","datePublished":"2016-10-17T07:00:00+00:00","dateModified":"2017-04-26T14:41:42+00:00","mainEntityOfPage":{"@id":"https:\/\/elspeedo.cz\/andalusie-2016-pohoda-slunce-a-paragliding-na-jihu-spanelska\/"},"wordCount":49,"commentCount":0,"image":{"@id":"https:\/\/elspeedo.cz\/andalusie-2016-pohoda-slunce-a-paragliding-na-jihu-spanelska\/#primaryimage"},"thumbnailUrl":"https:\/\/elspeedo.cz\/wp-content\/uploads\/2017\/01\/2016-elspeedo-paragliding-andalusia-002-800x531.jpg","keywords":["Andalusie","El Speedo","expedice","paragliding","\u0161kola","v\u00fdlety"],"articleSection":["FOTOGALERIE","\u0160kola"],"inLanguage":"pl-PL","potentialAction":[{"@type":"CommentAction","name":"Comment","target":["https:\/\/elspeedo.cz\/andalusie-2016-pohoda-slunce-a-paragliding-na-jihu-spanelska\/#respond"]}]},{"@type":"WebPage","@id":"https:\/\/elspeedo.cz\/andalusie-2016-pohoda-slunce-a-paragliding-na-jihu-spanelska\/","url":"https:\/\/elspeedo.cz\/andalusie-2016-pohoda-slunce-a-paragliding-na-jihu-spanelska\/","name":"Andaluzja 2016 - miejsce w kt\u00f3rym mo\u017cna si\u0119 zakocha\u0107. &#8212; El Speedo","isPartOf":{"@id":"https:\/\/elspeedo.cz\/#website"},"primaryImageOfPage":{"@id":"https:\/\/elspeedo.cz\/andalusie-2016-pohoda-slunce-a-paragliding-na-jihu-spanelska\/#primaryimage"},"image":{"@id":"https:\/\/elspeedo.cz\/andalusie-2016-pohoda-slunce-a-paragliding-na-jihu-spanelska\/#primaryimage"},"thumbnailUrl":"https:\/\/elspeedo.cz\/wp-content\/uploads\/2017\/01\/2016-elspeedo-paragliding-andalusia-002-800x531.jpg","datePublished":"2016-10-17T07:00:00+00:00","dateModified":"2017-04-26T14:41:42+00:00","author":{"@id":"https:\/\/elspeedo.cz\/#\/schema\/person\/70e827c2cfc56138754203bae09a7ba6"},"description":"El Speedo je nejv\u011bt\u0161\u00ed paraglidingov\u00e1 komunita a \u0161kola v \u010cR. Tandemov\u00e9 seskoky, kurzy, expedice a paragliding v\u00fdbava","breadcrumb":{"@id":"https:\/\/elspeedo.cz\/andalusie-2016-pohoda-slunce-a-paragliding-na-jihu-spanelska\/#breadcrumb"},"inLanguage":"pl-PL","potentialAction":[{"@type":"ReadAction","target":["https:\/\/elspeedo.cz\/andalusie-2016-pohoda-slunce-a-paragliding-na-jihu-spanelska\/"]}]},{"@type":"ImageObject","inLanguage":"pl-PL","@id":"https:\/\/elspeedo.cz\/andalusie-2016-pohoda-slunce-a-paragliding-na-jihu-spanelska\/#primaryimage","url":"https:\/\/elspeedo.cz\/wp-content\/uploads\/2017\/01\/2016-elspeedo-paragliding-andalusia-002-800x531.jpg","contentUrl":"https:\/\/elspeedo.cz\/wp-content\/uploads\/2017\/01\/2016-elspeedo-paragliding-andalusia-002-800x531.jpg","width":800,"height":531},{"@type":"BreadcrumbList","@id":"https:\/\/elspeedo.cz\/andalusie-2016-pohoda-slunce-a-paragliding-na-jihu-spanelska\/#breadcrumb","itemListElement":[{"@type":"ListItem","position":1,"name":"Dom\u016f","item":"https:\/\/elspeedo.cz\/pl\/"},{"@type":"ListItem","position":2,"name":"Andaluzja 2016 &#8211; miejsce w kt\u00f3rym mo\u017cna si\u0119 zakocha\u0107."}]},{"@type":"WebSite","@id":"https:\/\/elspeedo.cz\/#website","url":"https:\/\/elspeedo.cz\/","name":"El Speedo","description":"Paragliding - kurzy, vybaven\u00ed, v\u00fdlety, komunita","potentialAction":[{"@type":"SearchAction","target":{"@type":"EntryPoint","urlTemplate":"https:\/\/elspeedo.cz\/?s={search_term_string}"},"query-input":{"@type":"PropertyValueSpecification","valueRequired":true,"valueName":"search_term_string"}}],"inLanguage":"pl-PL"},{"@type":"Person","@id":"https:\/\/elspeedo.cz\/#\/schema\/person\/70e827c2cfc56138754203bae09a7ba6","name":"El Speedo","image":{"@type":"ImageObject","inLanguage":"pl-PL","@id":"https:\/\/elspeedo.cz\/#\/schema\/person\/image\/","url":"https:\/\/secure.gravatar.com\/avatar\/38d079760933374eb6d633faea75657a35812ddeb9eab6de34b7be5cf4756c38?s=96&d=mm&r=g","contentUrl":"https:\/\/secure.gravatar.com\/avatar\/38d079760933374eb6d633faea75657a35812ddeb9eab6de34b7be5cf4756c38?s=96&d=mm&r=g","caption":"El Speedo"},"description":"Projekt El Speedo zahrnuje komplexn\u00ed slu\u017eby pro piloty paraglidingu a klienty, kte\u0159\u00ed cht\u011bj\u00ed paragliding vyzkou\u0161et. Nab\u00edz\u00edme \u0161irok\u00e9 spektrum tandemov\u00fdch let\u016f na svahov\u00e9m kluz\u00e1ku, z\u00e1kladn\u00ed v\u00fduku paraglidingu, pokra\u010dovac\u00ed kurzy, v\u00fdlety do zahrani\u010d\u00ed a expedice do exotick\u00fdch zem\u00ed. V\u011bnujeme se v\u00fdvoji a v\u00fdrob\u011b vlastn\u00edho paraglidingov\u00e9ho vybaven\u00ed, spravujeme vlastn\u00ed letov\u00e9 ter\u00e9ny v Beskydech a po\u0159\u00e1d\u00e1me vzd\u011bl\u00e1vac\u00ed semin\u00e1\u0159e pro piloty a sout\u011b\u017ee.","url":"https:\/\/elspeedo.cz\/pl\/author\/devx\/"}]}},"_links":{"self":[{"href":"https:\/\/elspeedo.cz\/pl\/wp-json\/wp\/v2\/posts\/28344","targetHints":{"allow":["GET"]}}],"collection":[{"href":"https:\/\/elspeedo.cz\/pl\/wp-json\/wp\/v2\/posts"}],"about":[{"href":"https:\/\/elspeedo.cz\/pl\/wp-json\/wp\/v2\/types\/post"}],"author":[{"embeddable":true,"href":"https:\/\/elspeedo.cz\/pl\/wp-json\/wp\/v2\/users\/3878"}],"replies":[{"embeddable":true,"href":"https:\/\/elspeedo.cz\/pl\/wp-json\/wp\/v2\/comments?post=28344"}],"version-history":[{"count":0,"href":"https:\/\/elspeedo.cz\/pl\/wp-json\/wp\/v2\/posts\/28344\/revisions"}],"wp:featuredmedia":[{"embeddable":true,"href":"https:\/\/elspeedo.cz\/pl\/wp-json\/wp\/v2\/media\/35840"}],"wp:attachment":[{"href":"https:\/\/elspeedo.cz\/pl\/wp-json\/wp\/v2\/media?parent=28344"}],"wp:term":[{"taxonomy":"category","embeddable":true,"href":"https:\/\/elspeedo.cz\/pl\/wp-json\/wp\/v2\/categories?post=28344"},{"taxonomy":"post_tag","embeddable":true,"href":"https:\/\/elspeedo.cz\/pl\/wp-json\/wp\/v2\/tags?post=28344"}],"curies":[{"name":"wp","href":"https:\/\/api.w.org\/{rel}","templated":true}]}}