{"id":54811,"date":"2017-06-05T15:38:25","date_gmt":"2017-06-05T14:38:25","guid":{"rendered":"https:\/\/elspeedo.cz\/termicky-trenink-v-italii-kveten-2017\/"},"modified":"2017-06-13T09:40:49","modified_gmt":"2017-06-13T08:40:49","slug":"termicky-trenink-v-italii-kveten-2017","status":"publish","type":"post","link":"https:\/\/elspeedo.cz\/pl\/termicky-trenink-v-italii-kveten-2017\/","title":{"rendered":"Termiczny trening we W\u0142oszech maj 2017"},"content":{"rendered":"<div class=\"wpb-content-wrapper\">[vc_row][vc_column][vc_column_text]Monte Grappa je kr\u00e1sn\u00e1 hora na \u00fapat\u00ed Alp, schovan\u00e1 za vysok\u00fdmi horami Dolomit, kter\u00e9 z n\u00ed svou majest\u00e1tn\u00ed ochranou d\u011blaj\u00ed ter\u00e9n s nejv\u011bt\u0161\u00edm po\u010dtem letov\u00fdch dn\u00ed \u0161iroko daleko. Po\u010das\u00ed bylo kr\u00e1sn\u00e9, a tak n\u00e1s pot\u011b\u0161ilo a z\u00e1rove\u0148 velice p\u0159ekvapilo, \u017ee jsme v rozs\u00e1hl\u00e9 tlakov\u00e9 v\u00fd\u0161i a bezv\u011bt\u0159\u00ed m\u011bli na za\u010d\u00e1tku sez\u00f3ny celou horu t\u00e9m\u011b\u0159 jen pro sebe, pouze posledn\u00ed den p\u0159i\u0161la l\u00e9tat hrstka dal\u0161\u00edch pilot\u016f. Prvn\u00ed den v\u00fdletu jsme se potkali s italy velmi pro\u017e\u00edvan\u00fdm cyklistick\u00fdm z\u00e1vodem Giro, kter\u00fd se jel pr\u00e1v\u011b p\u0159es Grappu, proto jsme vyrazili l\u00e9tat na prvn\u00ed kopec za Grappou, za prvn\u00ed alpsk\u00e9 \u00fadol\u00ed do Feltre, kde jsme si vyzkou\u0161eli dv\u011b startovi\u0161t\u011b a pozdravili se s prvn\u00edmi kolm\u00fdmi skalnat\u00fdmi h\u0159ebeny. Abychom Monte Grappu co nejv\u00edce prozkoumali, l\u00e9tali jsme ze \u010dty\u0159 r\u016fzn\u00fdch startovi\u0161\u0165 a povedlo se n\u00e1m p\u0159i kr\u00e1sn\u00e9m po\u010das\u00ed prolet\u011bt se a\u017e z nejvy\u0161\u0161\u00edho startu p\u0159i zapadaj\u00edc\u00edm slunci, u\u017eili jsme si p\u016fl hodiny voln\u00e9ho letu kolem n\u00e1dhern\u00e9ho h\u0159ebenu bez z\u00e1sahu do \u0159\u00edzen\u00ed. V It\u00e1lii bylo t\u00e9m\u011b\u0159 l\u00e9to, pr\u00e1v\u011b dozr\u00e1ly t\u0159e\u0161n\u011b, a p\u0159esn\u011b v den odjezdu za\u010d\u00ednala od severu p\u0159es hory p\u0159ich\u00e1zet studen\u00e1 fronta, na\u010dasov\u00e1n\u00ed nemohlo b\u00fdt lep\u0161\u00ed. P\u0159\u00ed\u0161t\u011b vyjedeme, a\u017e studen\u00e1 fronta p\u0159ejde, abychom se d\u00e1l u\u010dili l\u00e9t\u00e1n\u00ed v je\u0161t\u011b siln\u011bj\u0161\u00ed termice a vy\u0161\u0161\u00edch dostupech a dok\u00e1zali dolet\u011bt a\u017e nad vrchol a ud\u011blat si tam mezip\u0159ist\u00e1n\u00ed u restaurace se zast\u00e1vkou na v\u00fdbornou italskou k\u00e1vu \ud83d\ude09 A jak moc dobrou tam um\u00ed pizzu a \u0161pagety a v\u00edno p\u0159\u00edmo na \u00fapat\u00ed t\u00e9 opravdu strm\u00e9 hory s \u00fa\u017easn\u00fdm l\u00e9t\u00e1n\u00edm&#8230; to p\u0159ij\u010fte za\u017e\u00edt s n\u00e1mi na p\u0159\u00ed\u0161t\u00edm v\u00fdlet\u011b.<\/p>\n<p>Fotografie nejsou tentokr\u00e1te od n\u00e1s, je to tedy mali\u010dk\u00e9 o\u017eiven\u00ed od na\u0161ich zab\u011bhl\u00fdch fotografick\u00fdch \u00fahl\u016f, kdy m\u00e1me v jedn\u00e9 ruce vys\u00edla\u010dku a v druh\u00e9 fo\u0165\u00e1k a ve t\u0159et\u00ed pad\u00e1ky a \u0161\u0148\u016fry na startu. Fotila n\u00e1s nel\u00e9taj\u00edc\u00ed \u00fa\u010dastnice z\u00e1jezdu, profesion\u00e1ln\u00ed fotografka Katka Slov\u00e1\u010dkov\u00e1, se kterou jsme se za to trochu proskota\u010dili v tandemu, aby mali\u010dko ochutnala, pro\u010d n\u00e1s ty hadry nad hlavou tak moc bav\u00ed. D\u011bkujeme.<\/p>\n<p>Zden\u011bk a Honza[\/vc_column_text][\/vc_column][\/vc_row][vc_row][vc_column][vc_media_grid style=&#8221;load-more&#8221; items_per_page=&#8221;18&#8243; element_width=&#8221;2&#8243; btn_style=&#8221;custom&#8221; btn_custom_text=&#8221;#666666&#8243; btn_add_icon=&#8221;true&#8221; btn_custom_onclick=&#8221;true&#8221; grid_id=&#8221;vc_gid:1496394458499-fb6aaff5-22c5-3&#8243; include=&#8221;54672,54669,54585,54666,54576,54651,54663,54660,54657,54654,54648,54645,54642,54639,54636,54633,54630,54627,54624,54621,54618,54615,54612,54609,54606,54603,54600,54597,54594,54591,54588,54582,54579,54573,54570,54567,54564,54561,54558,54555,54552&#8243;][\/vc_column][\/vc_row]\n<\/div>","protected":false},"excerpt":{"rendered":"<p>[vc_row][vc_column][vc_column_text]Monte Grappa je kr\u00e1sn\u00e1 hora na \u00fapat\u00ed Alp, schovan\u00e1 za vysok\u00fdmi horami Dolomit, kter\u00e9 z n\u00ed svou majest\u00e1tn\u00ed ochranou d\u011blaj\u00ed ter\u00e9n s nejv\u011bt\u0161\u00edm po\u010dtem letov\u00fdch dn\u00ed \u0161iroko daleko. Po\u010das\u00ed bylo kr\u00e1sn\u00e9, a tak n\u00e1s pot\u011b\u0161ilo a z\u00e1rove\u0148 velice p\u0159ekvapilo, \u017ee jsme v rozs\u00e1hl\u00e9 tlakov\u00e9 v\u00fd\u0161i a bezv\u011bt\u0159\u00ed m\u011bli na za\u010d\u00e1tku sez\u00f3ny celou horu t\u00e9m\u011b\u0159 jen [&hellip;]<\/p>\n","protected":false},"author":4,"featured_media":54239,"comment_status":"open","ping_status":"open","sticky":false,"template":"","format":"standard","meta":{"_tribe_blocks_recurrence_rules":"","_tribe_blocks_recurrence_exclusions":"","_tribe_blocks_recurrence_description":"","footnotes":""},"categories":[432,546],"tags":[685,1213,618],"class_list":["post-54811","post","type-post","status-publish","format-standard","has-post-thumbnail","hentry","category-fotogaleria-pl","category-szkola-pl","tag-italie-pl","tag-termicky-trenink-pl","tag-termika-pl"],"yoast_head":"<!-- This site is optimized with the Yoast SEO plugin v27.0 - https:\/\/yoast.com\/product\/yoast-seo-wordpress\/ -->\n<title>Termiczny trening we W\u0142oszech maj 2017 &#8212; El Speedo<\/title>\n<meta name=\"description\" content=\"Fotogalerie termick\u00fd tr\u00e9nink v It\u00e1lii. El Speedo je nejv\u011bt\u0161\u00ed paraglidingov\u00e1 komunita a \u0161kola v \u010cR. Tandemov\u00e9 seskoky, kurzy, expedice a paragliding v\u00fdbava\" \/>\n<meta name=\"robots\" content=\"index, follow, max-snippet:-1, max-image-preview:large, max-video-preview:-1\" \/>\n<link rel=\"canonical\" href=\"https:\/\/elspeedo.cz\/pl\/termicky-trenink-v-italii-kveten-2017\/\" \/>\n<meta property=\"og:locale\" content=\"pl_PL\" \/>\n<meta property=\"og:type\" content=\"article\" \/>\n<meta property=\"og:title\" content=\"Termiczny trening we W\u0142oszech maj 2017 &#8212; El Speedo\" \/>\n<meta property=\"og:description\" content=\"Fotogalerie termick\u00fd tr\u00e9nink v It\u00e1lii. El Speedo je nejv\u011bt\u0161\u00ed paraglidingov\u00e1 komunita a \u0161kola v \u010cR. Tandemov\u00e9 seskoky, kurzy, expedice a paragliding v\u00fdbava\" \/>\n<meta property=\"og:url\" content=\"https:\/\/elspeedo.cz\/pl\/termicky-trenink-v-italii-kveten-2017\/\" \/>\n<meta property=\"og:site_name\" content=\"El Speedo\" \/>\n<meta property=\"article:publisher\" content=\"http:\/\/www.facebook.com\/paragliding.elspeedo.cz\/?fref=ts\" \/>\n<meta property=\"article:published_time\" content=\"2017-06-05T14:38:25+00:00\" \/>\n<meta property=\"article:modified_time\" content=\"2017-06-13T08:40:49+00:00\" \/>\n<meta property=\"og:image\" content=\"https:\/\/elspeedo.cz\/wp-content\/uploads\/2017\/06\/elspeedo_paragliding_skola_bassano_grappa_termicky_vylet-89.jpg\" \/>\n\t<meta property=\"og:image:width\" content=\"1000\" \/>\n\t<meta property=\"og:image:height\" content=\"667\" \/>\n\t<meta property=\"og:image:type\" content=\"image\/jpeg\" \/>\n<meta name=\"author\" content=\"Dalibor Carbol\" \/>\n<meta name=\"twitter:card\" content=\"summary_large_image\" \/>\n<meta name=\"twitter:label1\" content=\"Napisane przez\" \/>\n\t<meta name=\"twitter:data1\" content=\"Dalibor Carbol\" \/>\n\t<meta name=\"twitter:label2\" content=\"Szacowany czas czytania\" \/>\n\t<meta name=\"twitter:data2\" content=\"3 minuty\" \/>\n<script type=\"application\/ld+json\" class=\"yoast-schema-graph\">{\"@context\":\"https:\/\/schema.org\",\"@graph\":[{\"@type\":\"Article\",\"@id\":\"https:\/\/elspeedo.cz\/pl\/termicky-trenink-v-italii-kveten-2017\/#article\",\"isPartOf\":{\"@id\":\"https:\/\/elspeedo.cz\/pl\/termicky-trenink-v-italii-kveten-2017\/\"},\"author\":{\"name\":\"Dalibor Carbol\",\"@id\":\"https:\/\/elspeedo.cz\/#\/schema\/person\/845111a5f10bae8b99a8a55ee13640ac\"},\"headline\":\"Termiczny trening we W\u0142oszech maj 2017\",\"datePublished\":\"2017-06-05T14:38:25+00:00\",\"dateModified\":\"2017-06-13T08:40:49+00:00\",\"mainEntityOfPage\":{\"@id\":\"https:\/\/elspeedo.cz\/pl\/termicky-trenink-v-italii-kveten-2017\/\"},\"wordCount\":508,\"commentCount\":0,\"image\":{\"@id\":\"https:\/\/elspeedo.cz\/pl\/termicky-trenink-v-italii-kveten-2017\/#primaryimage\"},\"thumbnailUrl\":\"https:\/\/elspeedo.cz\/wp-content\/uploads\/2017\/06\/elspeedo_paragliding_skola_bassano_grappa_termicky_vylet-89.jpg\",\"keywords\":[\"It\u00e1lie\",\"termick\u00fd tr\u00e9nink\",\"termika\"],\"articleSection\":[\"FOTOGALERIE\",\"\u0160kola\"],\"inLanguage\":\"pl-PL\",\"potentialAction\":[{\"@type\":\"CommentAction\",\"name\":\"Comment\",\"target\":[\"https:\/\/elspeedo.cz\/pl\/termicky-trenink-v-italii-kveten-2017\/#respond\"]}]},{\"@type\":\"WebPage\",\"@id\":\"https:\/\/elspeedo.cz\/pl\/termicky-trenink-v-italii-kveten-2017\/\",\"url\":\"https:\/\/elspeedo.cz\/pl\/termicky-trenink-v-italii-kveten-2017\/\",\"name\":\"Termiczny trening we W\u0142oszech maj 2017 &#8212; El Speedo\",\"isPartOf\":{\"@id\":\"https:\/\/elspeedo.cz\/#website\"},\"primaryImageOfPage\":{\"@id\":\"https:\/\/elspeedo.cz\/pl\/termicky-trenink-v-italii-kveten-2017\/#primaryimage\"},\"image\":{\"@id\":\"https:\/\/elspeedo.cz\/pl\/termicky-trenink-v-italii-kveten-2017\/#primaryimage\"},\"thumbnailUrl\":\"https:\/\/elspeedo.cz\/wp-content\/uploads\/2017\/06\/elspeedo_paragliding_skola_bassano_grappa_termicky_vylet-89.jpg\",\"datePublished\":\"2017-06-05T14:38:25+00:00\",\"dateModified\":\"2017-06-13T08:40:49+00:00\",\"author\":{\"@id\":\"https:\/\/elspeedo.cz\/#\/schema\/person\/845111a5f10bae8b99a8a55ee13640ac\"},\"description\":\"Fotogalerie termick\u00fd tr\u00e9nink v It\u00e1lii. El Speedo je nejv\u011bt\u0161\u00ed paraglidingov\u00e1 komunita a \u0161kola v \u010cR. Tandemov\u00e9 seskoky, kurzy, expedice a paragliding v\u00fdbava\",\"breadcrumb\":{\"@id\":\"https:\/\/elspeedo.cz\/pl\/termicky-trenink-v-italii-kveten-2017\/#breadcrumb\"},\"inLanguage\":\"pl-PL\",\"potentialAction\":[{\"@type\":\"ReadAction\",\"target\":[\"https:\/\/elspeedo.cz\/pl\/termicky-trenink-v-italii-kveten-2017\/\"]}]},{\"@type\":\"ImageObject\",\"inLanguage\":\"pl-PL\",\"@id\":\"https:\/\/elspeedo.cz\/pl\/termicky-trenink-v-italii-kveten-2017\/#primaryimage\",\"url\":\"https:\/\/elspeedo.cz\/wp-content\/uploads\/2017\/06\/elspeedo_paragliding_skola_bassano_grappa_termicky_vylet-89.jpg\",\"contentUrl\":\"https:\/\/elspeedo.cz\/wp-content\/uploads\/2017\/06\/elspeedo_paragliding_skola_bassano_grappa_termicky_vylet-89.jpg\",\"width\":1000,\"height\":667},{\"@type\":\"BreadcrumbList\",\"@id\":\"https:\/\/elspeedo.cz\/pl\/termicky-trenink-v-italii-kveten-2017\/#breadcrumb\",\"itemListElement\":[{\"@type\":\"ListItem\",\"position\":1,\"name\":\"Dom\u016f\",\"item\":\"https:\/\/elspeedo.cz\/pl\/\"},{\"@type\":\"ListItem\",\"position\":2,\"name\":\"Termiczny trening we W\u0142oszech maj 2017\"}]},{\"@type\":\"WebSite\",\"@id\":\"https:\/\/elspeedo.cz\/#website\",\"url\":\"https:\/\/elspeedo.cz\/\",\"name\":\"El Speedo\",\"description\":\"Paragliding - kurzy, vybaven\u00ed, v\u00fdlety, komunita\",\"potentialAction\":[{\"@type\":\"SearchAction\",\"target\":{\"@type\":\"EntryPoint\",\"urlTemplate\":\"https:\/\/elspeedo.cz\/?s={search_term_string}\"},\"query-input\":{\"@type\":\"PropertyValueSpecification\",\"valueRequired\":true,\"valueName\":\"search_term_string\"}}],\"inLanguage\":\"pl-PL\"},{\"@type\":\"Person\",\"@id\":\"https:\/\/elspeedo.cz\/#\/schema\/person\/845111a5f10bae8b99a8a55ee13640ac\",\"name\":\"Dalibor Carbol\",\"image\":{\"@type\":\"ImageObject\",\"inLanguage\":\"pl-PL\",\"@id\":\"https:\/\/elspeedo.cz\/#\/schema\/person\/image\/\",\"url\":\"https:\/\/secure.gravatar.com\/avatar\/d659f476dca7f72f968cff594e14b0aa19a0a223ccfd746038f2317fba023899?s=96&d=mm&r=g\",\"contentUrl\":\"https:\/\/secure.gravatar.com\/avatar\/d659f476dca7f72f968cff594e14b0aa19a0a223ccfd746038f2317fba023899?s=96&d=mm&r=g\",\"caption\":\"Dalibor Carbol\"},\"sameAs\":[\"https:\/\/elspeedo.cz\"],\"url\":\"https:\/\/elspeedo.cz\/pl\/author\/dalibor\/\"}]}<\/script>\n<!-- \/ Yoast SEO plugin. -->","yoast_head_json":{"title":"Termiczny trening we W\u0142oszech maj 2017 &#8212; El Speedo","description":"Fotogalerie termick\u00fd tr\u00e9nink v It\u00e1lii. El Speedo je nejv\u011bt\u0161\u00ed paraglidingov\u00e1 komunita a \u0161kola v \u010cR. Tandemov\u00e9 seskoky, kurzy, expedice a paragliding v\u00fdbava","robots":{"index":"index","follow":"follow","max-snippet":"max-snippet:-1","max-image-preview":"max-image-preview:large","max-video-preview":"max-video-preview:-1"},"canonical":"https:\/\/elspeedo.cz\/pl\/termicky-trenink-v-italii-kveten-2017\/","og_locale":"pl_PL","og_type":"article","og_title":"Termiczny trening we W\u0142oszech maj 2017 &#8212; El Speedo","og_description":"Fotogalerie termick\u00fd tr\u00e9nink v It\u00e1lii. El Speedo je nejv\u011bt\u0161\u00ed paraglidingov\u00e1 komunita a \u0161kola v \u010cR. Tandemov\u00e9 seskoky, kurzy, expedice a paragliding v\u00fdbava","og_url":"https:\/\/elspeedo.cz\/pl\/termicky-trenink-v-italii-kveten-2017\/","og_site_name":"El Speedo","article_publisher":"http:\/\/www.facebook.com\/paragliding.elspeedo.cz\/?fref=ts","article_published_time":"2017-06-05T14:38:25+00:00","article_modified_time":"2017-06-13T08:40:49+00:00","og_image":[{"width":1000,"height":667,"url":"https:\/\/elspeedo.cz\/wp-content\/uploads\/2017\/06\/elspeedo_paragliding_skola_bassano_grappa_termicky_vylet-89.jpg","type":"image\/jpeg"}],"author":"Dalibor Carbol","twitter_card":"summary_large_image","twitter_misc":{"Napisane przez":"Dalibor Carbol","Szacowany czas czytania":"3 minuty"},"schema":{"@context":"https:\/\/schema.org","@graph":[{"@type":"Article","@id":"https:\/\/elspeedo.cz\/pl\/termicky-trenink-v-italii-kveten-2017\/#article","isPartOf":{"@id":"https:\/\/elspeedo.cz\/pl\/termicky-trenink-v-italii-kveten-2017\/"},"author":{"name":"Dalibor Carbol","@id":"https:\/\/elspeedo.cz\/#\/schema\/person\/845111a5f10bae8b99a8a55ee13640ac"},"headline":"Termiczny trening we W\u0142oszech maj 2017","datePublished":"2017-06-05T14:38:25+00:00","dateModified":"2017-06-13T08:40:49+00:00","mainEntityOfPage":{"@id":"https:\/\/elspeedo.cz\/pl\/termicky-trenink-v-italii-kveten-2017\/"},"wordCount":508,"commentCount":0,"image":{"@id":"https:\/\/elspeedo.cz\/pl\/termicky-trenink-v-italii-kveten-2017\/#primaryimage"},"thumbnailUrl":"https:\/\/elspeedo.cz\/wp-content\/uploads\/2017\/06\/elspeedo_paragliding_skola_bassano_grappa_termicky_vylet-89.jpg","keywords":["It\u00e1lie","termick\u00fd tr\u00e9nink","termika"],"articleSection":["FOTOGALERIE","\u0160kola"],"inLanguage":"pl-PL","potentialAction":[{"@type":"CommentAction","name":"Comment","target":["https:\/\/elspeedo.cz\/pl\/termicky-trenink-v-italii-kveten-2017\/#respond"]}]},{"@type":"WebPage","@id":"https:\/\/elspeedo.cz\/pl\/termicky-trenink-v-italii-kveten-2017\/","url":"https:\/\/elspeedo.cz\/pl\/termicky-trenink-v-italii-kveten-2017\/","name":"Termiczny trening we W\u0142oszech maj 2017 &#8212; El Speedo","isPartOf":{"@id":"https:\/\/elspeedo.cz\/#website"},"primaryImageOfPage":{"@id":"https:\/\/elspeedo.cz\/pl\/termicky-trenink-v-italii-kveten-2017\/#primaryimage"},"image":{"@id":"https:\/\/elspeedo.cz\/pl\/termicky-trenink-v-italii-kveten-2017\/#primaryimage"},"thumbnailUrl":"https:\/\/elspeedo.cz\/wp-content\/uploads\/2017\/06\/elspeedo_paragliding_skola_bassano_grappa_termicky_vylet-89.jpg","datePublished":"2017-06-05T14:38:25+00:00","dateModified":"2017-06-13T08:40:49+00:00","author":{"@id":"https:\/\/elspeedo.cz\/#\/schema\/person\/845111a5f10bae8b99a8a55ee13640ac"},"description":"Fotogalerie termick\u00fd tr\u00e9nink v It\u00e1lii. El Speedo je nejv\u011bt\u0161\u00ed paraglidingov\u00e1 komunita a \u0161kola v \u010cR. Tandemov\u00e9 seskoky, kurzy, expedice a paragliding v\u00fdbava","breadcrumb":{"@id":"https:\/\/elspeedo.cz\/pl\/termicky-trenink-v-italii-kveten-2017\/#breadcrumb"},"inLanguage":"pl-PL","potentialAction":[{"@type":"ReadAction","target":["https:\/\/elspeedo.cz\/pl\/termicky-trenink-v-italii-kveten-2017\/"]}]},{"@type":"ImageObject","inLanguage":"pl-PL","@id":"https:\/\/elspeedo.cz\/pl\/termicky-trenink-v-italii-kveten-2017\/#primaryimage","url":"https:\/\/elspeedo.cz\/wp-content\/uploads\/2017\/06\/elspeedo_paragliding_skola_bassano_grappa_termicky_vylet-89.jpg","contentUrl":"https:\/\/elspeedo.cz\/wp-content\/uploads\/2017\/06\/elspeedo_paragliding_skola_bassano_grappa_termicky_vylet-89.jpg","width":1000,"height":667},{"@type":"BreadcrumbList","@id":"https:\/\/elspeedo.cz\/pl\/termicky-trenink-v-italii-kveten-2017\/#breadcrumb","itemListElement":[{"@type":"ListItem","position":1,"name":"Dom\u016f","item":"https:\/\/elspeedo.cz\/pl\/"},{"@type":"ListItem","position":2,"name":"Termiczny trening we W\u0142oszech maj 2017"}]},{"@type":"WebSite","@id":"https:\/\/elspeedo.cz\/#website","url":"https:\/\/elspeedo.cz\/","name":"El Speedo","description":"Paragliding - kurzy, vybaven\u00ed, v\u00fdlety, komunita","potentialAction":[{"@type":"SearchAction","target":{"@type":"EntryPoint","urlTemplate":"https:\/\/elspeedo.cz\/?s={search_term_string}"},"query-input":{"@type":"PropertyValueSpecification","valueRequired":true,"valueName":"search_term_string"}}],"inLanguage":"pl-PL"},{"@type":"Person","@id":"https:\/\/elspeedo.cz\/#\/schema\/person\/845111a5f10bae8b99a8a55ee13640ac","name":"Dalibor Carbol","image":{"@type":"ImageObject","inLanguage":"pl-PL","@id":"https:\/\/elspeedo.cz\/#\/schema\/person\/image\/","url":"https:\/\/secure.gravatar.com\/avatar\/d659f476dca7f72f968cff594e14b0aa19a0a223ccfd746038f2317fba023899?s=96&d=mm&r=g","contentUrl":"https:\/\/secure.gravatar.com\/avatar\/d659f476dca7f72f968cff594e14b0aa19a0a223ccfd746038f2317fba023899?s=96&d=mm&r=g","caption":"Dalibor Carbol"},"sameAs":["https:\/\/elspeedo.cz"],"url":"https:\/\/elspeedo.cz\/pl\/author\/dalibor\/"}]}},"_links":{"self":[{"href":"https:\/\/elspeedo.cz\/pl\/wp-json\/wp\/v2\/posts\/54811","targetHints":{"allow":["GET"]}}],"collection":[{"href":"https:\/\/elspeedo.cz\/pl\/wp-json\/wp\/v2\/posts"}],"about":[{"href":"https:\/\/elspeedo.cz\/pl\/wp-json\/wp\/v2\/types\/post"}],"author":[{"embeddable":true,"href":"https:\/\/elspeedo.cz\/pl\/wp-json\/wp\/v2\/users\/4"}],"replies":[{"embeddable":true,"href":"https:\/\/elspeedo.cz\/pl\/wp-json\/wp\/v2\/comments?post=54811"}],"version-history":[{"count":0,"href":"https:\/\/elspeedo.cz\/pl\/wp-json\/wp\/v2\/posts\/54811\/revisions"}],"wp:featuredmedia":[{"embeddable":true,"href":"https:\/\/elspeedo.cz\/pl\/wp-json\/wp\/v2\/media\/54239"}],"wp:attachment":[{"href":"https:\/\/elspeedo.cz\/pl\/wp-json\/wp\/v2\/media?parent=54811"}],"wp:term":[{"taxonomy":"category","embeddable":true,"href":"https:\/\/elspeedo.cz\/pl\/wp-json\/wp\/v2\/categories?post=54811"},{"taxonomy":"post_tag","embeddable":true,"href":"https:\/\/elspeedo.cz\/pl\/wp-json\/wp\/v2\/tags?post=54811"}],"curies":[{"name":"wp","href":"https:\/\/api.w.org\/{rel}","templated":true}]}}