{"id":60919,"date":"2017-07-02T18:53:47","date_gmt":"2017-07-02T17:53:47","guid":{"rendered":"https:\/\/elspeedo.cz\/10-zakladni-kurz-paraglidingu-beskydech-24-30-6-2017\/"},"modified":"2017-07-12T14:11:02","modified_gmt":"2017-07-12T13:11:02","slug":"10-zakladni-kurz-paraglidingu-beskydech-24-30-6-2017","status":"publish","type":"post","link":"https:\/\/elspeedo.cz\/pl\/10-zakladni-kurz-paraglidingu-beskydech-24-30-6-2017\/","title":{"rendered":"10. Kurs podstawowy paraglidingu w Beskidach 24. &#8211; 30. 6. 2017"},"content":{"rendered":"","protected":false},"excerpt":{"rendered":"","protected":false},"author":9,"featured_media":58188,"comment_status":"open","ping_status":"open","sticky":false,"template":"","format":"standard","meta":{"_tribe_blocks_recurrence_rules":"","_tribe_blocks_recurrence_exclusions":"","_tribe_blocks_recurrence_description":"","footnotes":""},"categories":[432,546],"tags":[670,807,684,393,808,392,1246,1247,1248,389,1249,1223,1148,1250],"class_list":["post-60919","post","type-post","status-publish","format-standard","has-post-thumbnail","hentry","category-fotogaleria-pl","category-szkola-pl","tag-beskydska-skola-letani-pl","tag-beskydy-pl","tag-el-speedo-pl","tag-elspeedo-pl","tag-letani-pl","tag-padak-pl","tag-padakove-kluzaky-pl","tag-padakovy-kluzak-pl","tag-padaky-pl","tag-paragliding-pl","tag-petr-bartek-pl","tag-skola-paraglidingu-pl","tag-slavek-tmej-pl","tag-vyhlidkove-lety-pl"],"yoast_head":"<!-- This site is optimized with the Yoast SEO plugin v27.0 - https:\/\/yoast.com\/product\/yoast-seo-wordpress\/ -->\n<title>10. Kurs podstawowy paraglidingu w Beskidach 24. - 30. 6. 2017 &#8212; El Speedo<\/title>\n<meta name=\"description\" content=\"El Speedo najwi\u0119ksze i najbardziej popularne centrum szkolenia paraglidingu w Czechach i na S\u0142owacji. Kursy paralotniowe, wycieczki, ekspedycje, szkolenia\" \/>\n<meta name=\"robots\" content=\"index, follow, max-snippet:-1, max-image-preview:large, max-video-preview:-1\" \/>\n<link rel=\"canonical\" href=\"https:\/\/elspeedo.cz\/10-zakladni-kurz-paraglidingu-beskydech-24-30-6-2017\/\" \/>\n<meta property=\"og:locale\" content=\"pl_PL\" \/>\n<meta property=\"og:type\" content=\"article\" \/>\n<meta property=\"og:title\" content=\"10. Kurs podstawowy paraglidingu w Beskidach 24. - 30. 6. 2017 &#8212; El Speedo\" \/>\n<meta property=\"og:description\" content=\"El Speedo najwi\u0119ksze i najbardziej popularne centrum szkolenia paraglidingu w Czechach i na S\u0142owacji. Kursy paralotniowe, wycieczki, ekspedycje, szkolenia\" \/>\n<meta property=\"og:url\" content=\"https:\/\/elspeedo.cz\/10-zakladni-kurz-paraglidingu-beskydech-24-30-6-2017\/\" \/>\n<meta property=\"og:site_name\" content=\"El Speedo\" \/>\n<meta property=\"article:publisher\" content=\"http:\/\/www.facebook.com\/paragliding.elspeedo.cz\/?fref=ts\" \/>\n<meta property=\"article:author\" content=\"http:\/\/www.facebook.com\/stmej\" \/>\n<meta property=\"article:published_time\" content=\"2017-07-02T17:53:47+00:00\" \/>\n<meta property=\"article:modified_time\" content=\"2017-07-12T13:11:02+00:00\" \/>\n<meta property=\"og:image\" content=\"https:\/\/elspeedo.cz\/wp-content\/uploads\/2017\/07\/20170630_paragliding-elspeedo-kurz-10-beskydy-00001.jpg\" \/>\n\t<meta property=\"og:image:width\" content=\"1000\" \/>\n\t<meta property=\"og:image:height\" content=\"667\" \/>\n\t<meta property=\"og:image:type\" content=\"image\/jpeg\" \/>\n<meta name=\"author\" content=\"Sl\u00e1vek Tmej\" \/>\n<meta name=\"twitter:card\" content=\"summary_large_image\" \/>\n<meta name=\"twitter:label1\" content=\"Napisane przez\" \/>\n\t<meta name=\"twitter:data1\" content=\"Sl\u00e1vek Tmej\" \/>\n<script type=\"application\/ld+json\" class=\"yoast-schema-graph\">{\"@context\":\"https:\/\/schema.org\",\"@graph\":[{\"@type\":\"Article\",\"@id\":\"https:\/\/elspeedo.cz\/10-zakladni-kurz-paraglidingu-beskydech-24-30-6-2017\/#article\",\"isPartOf\":{\"@id\":\"https:\/\/elspeedo.cz\/10-zakladni-kurz-paraglidingu-beskydech-24-30-6-2017\/\"},\"author\":{\"name\":\"Sl\u00e1vek Tmej\",\"@id\":\"https:\/\/elspeedo.cz\/#\/schema\/person\/ec49e4ed0dfd4f8a299ef9360dfcc98a\"},\"headline\":\"10. Kurs podstawowy paraglidingu w Beskidach 24. &#8211; 30. 6. 2017\",\"datePublished\":\"2017-07-02T17:53:47+00:00\",\"dateModified\":\"2017-07-12T13:11:02+00:00\",\"mainEntityOfPage\":{\"@id\":\"https:\/\/elspeedo.cz\/10-zakladni-kurz-paraglidingu-beskydech-24-30-6-2017\/\"},\"wordCount\":6,\"commentCount\":0,\"image\":{\"@id\":\"https:\/\/elspeedo.cz\/10-zakladni-kurz-paraglidingu-beskydech-24-30-6-2017\/#primaryimage\"},\"thumbnailUrl\":\"https:\/\/elspeedo.cz\/wp-content\/uploads\/2017\/07\/20170630_paragliding-elspeedo-kurz-10-beskydy-00001.jpg\",\"keywords\":[\"Beskydsk\u00e1 \u0161kola l\u00e9t\u00e1n\u00ed\",\"Beskydy\",\"El Speedo\",\"elspeedo\",\"l\u00e9t\u00e1n\u00ed\",\"pad\u00e1k\",\"pad\u00e1kov\u00e9 kluz\u00e1ky\",\"pad\u00e1kov\u00fd kluz\u00e1k\",\"pad\u00e1ky\",\"paragliding\",\"Petr B\u00e1rtek\",\"\u0160kola paraglidingu\",\"Sl\u00e1vek Tmej\",\"vyhl\u00eddkov\u00e9 lety\"],\"articleSection\":[\"FOTOGALERIE\",\"\u0160kola\"],\"inLanguage\":\"pl-PL\",\"potentialAction\":[{\"@type\":\"CommentAction\",\"name\":\"Comment\",\"target\":[\"https:\/\/elspeedo.cz\/10-zakladni-kurz-paraglidingu-beskydech-24-30-6-2017\/#respond\"]}]},{\"@type\":\"WebPage\",\"@id\":\"https:\/\/elspeedo.cz\/10-zakladni-kurz-paraglidingu-beskydech-24-30-6-2017\/\",\"url\":\"https:\/\/elspeedo.cz\/10-zakladni-kurz-paraglidingu-beskydech-24-30-6-2017\/\",\"name\":\"10. Kurs podstawowy paraglidingu w Beskidach 24. - 30. 6. 2017 &#8212; El Speedo\",\"isPartOf\":{\"@id\":\"https:\/\/elspeedo.cz\/#website\"},\"primaryImageOfPage\":{\"@id\":\"https:\/\/elspeedo.cz\/10-zakladni-kurz-paraglidingu-beskydech-24-30-6-2017\/#primaryimage\"},\"image\":{\"@id\":\"https:\/\/elspeedo.cz\/10-zakladni-kurz-paraglidingu-beskydech-24-30-6-2017\/#primaryimage\"},\"thumbnailUrl\":\"https:\/\/elspeedo.cz\/wp-content\/uploads\/2017\/07\/20170630_paragliding-elspeedo-kurz-10-beskydy-00001.jpg\",\"datePublished\":\"2017-07-02T17:53:47+00:00\",\"dateModified\":\"2017-07-12T13:11:02+00:00\",\"author\":{\"@id\":\"https:\/\/elspeedo.cz\/#\/schema\/person\/ec49e4ed0dfd4f8a299ef9360dfcc98a\"},\"description\":\"El Speedo najwi\u0119ksze i najbardziej popularne centrum szkolenia paraglidingu w Czechach i na S\u0142owacji. Kursy paralotniowe, wycieczki, ekspedycje, szkolenia\",\"breadcrumb\":{\"@id\":\"https:\/\/elspeedo.cz\/10-zakladni-kurz-paraglidingu-beskydech-24-30-6-2017\/#breadcrumb\"},\"inLanguage\":\"pl-PL\",\"potentialAction\":[{\"@type\":\"ReadAction\",\"target\":[\"https:\/\/elspeedo.cz\/10-zakladni-kurz-paraglidingu-beskydech-24-30-6-2017\/\"]}]},{\"@type\":\"ImageObject\",\"inLanguage\":\"pl-PL\",\"@id\":\"https:\/\/elspeedo.cz\/10-zakladni-kurz-paraglidingu-beskydech-24-30-6-2017\/#primaryimage\",\"url\":\"https:\/\/elspeedo.cz\/wp-content\/uploads\/2017\/07\/20170630_paragliding-elspeedo-kurz-10-beskydy-00001.jpg\",\"contentUrl\":\"https:\/\/elspeedo.cz\/wp-content\/uploads\/2017\/07\/20170630_paragliding-elspeedo-kurz-10-beskydy-00001.jpg\",\"width\":1000,\"height\":667},{\"@type\":\"BreadcrumbList\",\"@id\":\"https:\/\/elspeedo.cz\/10-zakladni-kurz-paraglidingu-beskydech-24-30-6-2017\/#breadcrumb\",\"itemListElement\":[{\"@type\":\"ListItem\",\"position\":1,\"name\":\"Dom\u016f\",\"item\":\"https:\/\/elspeedo.cz\/pl\/\"},{\"@type\":\"ListItem\",\"position\":2,\"name\":\"10. Kurs podstawowy paraglidingu w Beskidach 24. &#8211; 30. 6. 2017\"}]},{\"@type\":\"WebSite\",\"@id\":\"https:\/\/elspeedo.cz\/#website\",\"url\":\"https:\/\/elspeedo.cz\/\",\"name\":\"El Speedo\",\"description\":\"Paragliding - kurzy, vybaven\u00ed, v\u00fdlety, komunita\",\"potentialAction\":[{\"@type\":\"SearchAction\",\"target\":{\"@type\":\"EntryPoint\",\"urlTemplate\":\"https:\/\/elspeedo.cz\/?s={search_term_string}\"},\"query-input\":{\"@type\":\"PropertyValueSpecification\",\"valueRequired\":true,\"valueName\":\"search_term_string\"}}],\"inLanguage\":\"pl-PL\"},{\"@type\":\"Person\",\"@id\":\"https:\/\/elspeedo.cz\/#\/schema\/person\/ec49e4ed0dfd4f8a299ef9360dfcc98a\",\"name\":\"Sl\u00e1vek Tmej\",\"image\":{\"@type\":\"ImageObject\",\"inLanguage\":\"pl-PL\",\"@id\":\"https:\/\/elspeedo.cz\/#\/schema\/person\/image\/\",\"url\":\"https:\/\/secure.gravatar.com\/avatar\/e762cfb33e193b8bc9419e6287f543dfe1a24db52f698f4d1c02caade7b8ad3f?s=96&d=mm&r=g\",\"contentUrl\":\"https:\/\/secure.gravatar.com\/avatar\/e762cfb33e193b8bc9419e6287f543dfe1a24db52f698f4d1c02caade7b8ad3f?s=96&d=mm&r=g\",\"caption\":\"Sl\u00e1vek Tmej\"},\"sameAs\":[\"http:\/\/www.slavektmej.com\",\"http:\/\/www.facebook.com\/stmej\",\"http:\/\/www.instagram.com\/slavekpilot\/\"],\"url\":\"https:\/\/elspeedo.cz\/pl\/author\/slavek\/\"}]}<\/script>\n<!-- \/ Yoast SEO plugin. -->","yoast_head_json":{"title":"10. Kurs podstawowy paraglidingu w Beskidach 24. - 30. 6. 2017 &#8212; El Speedo","description":"El Speedo najwi\u0119ksze i najbardziej popularne centrum szkolenia paraglidingu w Czechach i na S\u0142owacji. Kursy paralotniowe, wycieczki, ekspedycje, szkolenia","robots":{"index":"index","follow":"follow","max-snippet":"max-snippet:-1","max-image-preview":"max-image-preview:large","max-video-preview":"max-video-preview:-1"},"canonical":"https:\/\/elspeedo.cz\/10-zakladni-kurz-paraglidingu-beskydech-24-30-6-2017\/","og_locale":"pl_PL","og_type":"article","og_title":"10. Kurs podstawowy paraglidingu w Beskidach 24. - 30. 6. 2017 &#8212; El Speedo","og_description":"El Speedo najwi\u0119ksze i najbardziej popularne centrum szkolenia paraglidingu w Czechach i na S\u0142owacji. Kursy paralotniowe, wycieczki, ekspedycje, szkolenia","og_url":"https:\/\/elspeedo.cz\/10-zakladni-kurz-paraglidingu-beskydech-24-30-6-2017\/","og_site_name":"El Speedo","article_publisher":"http:\/\/www.facebook.com\/paragliding.elspeedo.cz\/?fref=ts","article_author":"http:\/\/www.facebook.com\/stmej","article_published_time":"2017-07-02T17:53:47+00:00","article_modified_time":"2017-07-12T13:11:02+00:00","og_image":[{"width":1000,"height":667,"url":"https:\/\/elspeedo.cz\/wp-content\/uploads\/2017\/07\/20170630_paragliding-elspeedo-kurz-10-beskydy-00001.jpg","type":"image\/jpeg"}],"author":"Sl\u00e1vek Tmej","twitter_card":"summary_large_image","twitter_misc":{"Napisane przez":"Sl\u00e1vek Tmej"},"schema":{"@context":"https:\/\/schema.org","@graph":[{"@type":"Article","@id":"https:\/\/elspeedo.cz\/10-zakladni-kurz-paraglidingu-beskydech-24-30-6-2017\/#article","isPartOf":{"@id":"https:\/\/elspeedo.cz\/10-zakladni-kurz-paraglidingu-beskydech-24-30-6-2017\/"},"author":{"name":"Sl\u00e1vek Tmej","@id":"https:\/\/elspeedo.cz\/#\/schema\/person\/ec49e4ed0dfd4f8a299ef9360dfcc98a"},"headline":"10. Kurs podstawowy paraglidingu w Beskidach 24. &#8211; 30. 6. 2017","datePublished":"2017-07-02T17:53:47+00:00","dateModified":"2017-07-12T13:11:02+00:00","mainEntityOfPage":{"@id":"https:\/\/elspeedo.cz\/10-zakladni-kurz-paraglidingu-beskydech-24-30-6-2017\/"},"wordCount":6,"commentCount":0,"image":{"@id":"https:\/\/elspeedo.cz\/10-zakladni-kurz-paraglidingu-beskydech-24-30-6-2017\/#primaryimage"},"thumbnailUrl":"https:\/\/elspeedo.cz\/wp-content\/uploads\/2017\/07\/20170630_paragliding-elspeedo-kurz-10-beskydy-00001.jpg","keywords":["Beskydsk\u00e1 \u0161kola l\u00e9t\u00e1n\u00ed","Beskydy","El Speedo","elspeedo","l\u00e9t\u00e1n\u00ed","pad\u00e1k","pad\u00e1kov\u00e9 kluz\u00e1ky","pad\u00e1kov\u00fd kluz\u00e1k","pad\u00e1ky","paragliding","Petr B\u00e1rtek","\u0160kola paraglidingu","Sl\u00e1vek Tmej","vyhl\u00eddkov\u00e9 lety"],"articleSection":["FOTOGALERIE","\u0160kola"],"inLanguage":"pl-PL","potentialAction":[{"@type":"CommentAction","name":"Comment","target":["https:\/\/elspeedo.cz\/10-zakladni-kurz-paraglidingu-beskydech-24-30-6-2017\/#respond"]}]},{"@type":"WebPage","@id":"https:\/\/elspeedo.cz\/10-zakladni-kurz-paraglidingu-beskydech-24-30-6-2017\/","url":"https:\/\/elspeedo.cz\/10-zakladni-kurz-paraglidingu-beskydech-24-30-6-2017\/","name":"10. Kurs podstawowy paraglidingu w Beskidach 24. - 30. 6. 2017 &#8212; El Speedo","isPartOf":{"@id":"https:\/\/elspeedo.cz\/#website"},"primaryImageOfPage":{"@id":"https:\/\/elspeedo.cz\/10-zakladni-kurz-paraglidingu-beskydech-24-30-6-2017\/#primaryimage"},"image":{"@id":"https:\/\/elspeedo.cz\/10-zakladni-kurz-paraglidingu-beskydech-24-30-6-2017\/#primaryimage"},"thumbnailUrl":"https:\/\/elspeedo.cz\/wp-content\/uploads\/2017\/07\/20170630_paragliding-elspeedo-kurz-10-beskydy-00001.jpg","datePublished":"2017-07-02T17:53:47+00:00","dateModified":"2017-07-12T13:11:02+00:00","author":{"@id":"https:\/\/elspeedo.cz\/#\/schema\/person\/ec49e4ed0dfd4f8a299ef9360dfcc98a"},"description":"El Speedo najwi\u0119ksze i najbardziej popularne centrum szkolenia paraglidingu w Czechach i na S\u0142owacji. Kursy paralotniowe, wycieczki, ekspedycje, szkolenia","breadcrumb":{"@id":"https:\/\/elspeedo.cz\/10-zakladni-kurz-paraglidingu-beskydech-24-30-6-2017\/#breadcrumb"},"inLanguage":"pl-PL","potentialAction":[{"@type":"ReadAction","target":["https:\/\/elspeedo.cz\/10-zakladni-kurz-paraglidingu-beskydech-24-30-6-2017\/"]}]},{"@type":"ImageObject","inLanguage":"pl-PL","@id":"https:\/\/elspeedo.cz\/10-zakladni-kurz-paraglidingu-beskydech-24-30-6-2017\/#primaryimage","url":"https:\/\/elspeedo.cz\/wp-content\/uploads\/2017\/07\/20170630_paragliding-elspeedo-kurz-10-beskydy-00001.jpg","contentUrl":"https:\/\/elspeedo.cz\/wp-content\/uploads\/2017\/07\/20170630_paragliding-elspeedo-kurz-10-beskydy-00001.jpg","width":1000,"height":667},{"@type":"BreadcrumbList","@id":"https:\/\/elspeedo.cz\/10-zakladni-kurz-paraglidingu-beskydech-24-30-6-2017\/#breadcrumb","itemListElement":[{"@type":"ListItem","position":1,"name":"Dom\u016f","item":"https:\/\/elspeedo.cz\/pl\/"},{"@type":"ListItem","position":2,"name":"10. Kurs podstawowy paraglidingu w Beskidach 24. &#8211; 30. 6. 2017"}]},{"@type":"WebSite","@id":"https:\/\/elspeedo.cz\/#website","url":"https:\/\/elspeedo.cz\/","name":"El Speedo","description":"Paragliding - kurzy, vybaven\u00ed, v\u00fdlety, komunita","potentialAction":[{"@type":"SearchAction","target":{"@type":"EntryPoint","urlTemplate":"https:\/\/elspeedo.cz\/?s={search_term_string}"},"query-input":{"@type":"PropertyValueSpecification","valueRequired":true,"valueName":"search_term_string"}}],"inLanguage":"pl-PL"},{"@type":"Person","@id":"https:\/\/elspeedo.cz\/#\/schema\/person\/ec49e4ed0dfd4f8a299ef9360dfcc98a","name":"Sl\u00e1vek Tmej","image":{"@type":"ImageObject","inLanguage":"pl-PL","@id":"https:\/\/elspeedo.cz\/#\/schema\/person\/image\/","url":"https:\/\/secure.gravatar.com\/avatar\/e762cfb33e193b8bc9419e6287f543dfe1a24db52f698f4d1c02caade7b8ad3f?s=96&d=mm&r=g","contentUrl":"https:\/\/secure.gravatar.com\/avatar\/e762cfb33e193b8bc9419e6287f543dfe1a24db52f698f4d1c02caade7b8ad3f?s=96&d=mm&r=g","caption":"Sl\u00e1vek Tmej"},"sameAs":["http:\/\/www.slavektmej.com","http:\/\/www.facebook.com\/stmej","http:\/\/www.instagram.com\/slavekpilot\/"],"url":"https:\/\/elspeedo.cz\/pl\/author\/slavek\/"}]}},"_links":{"self":[{"href":"https:\/\/elspeedo.cz\/pl\/wp-json\/wp\/v2\/posts\/60919","targetHints":{"allow":["GET"]}}],"collection":[{"href":"https:\/\/elspeedo.cz\/pl\/wp-json\/wp\/v2\/posts"}],"about":[{"href":"https:\/\/elspeedo.cz\/pl\/wp-json\/wp\/v2\/types\/post"}],"author":[{"embeddable":true,"href":"https:\/\/elspeedo.cz\/pl\/wp-json\/wp\/v2\/users\/9"}],"replies":[{"embeddable":true,"href":"https:\/\/elspeedo.cz\/pl\/wp-json\/wp\/v2\/comments?post=60919"}],"version-history":[{"count":0,"href":"https:\/\/elspeedo.cz\/pl\/wp-json\/wp\/v2\/posts\/60919\/revisions"}],"wp:featuredmedia":[{"embeddable":true,"href":"https:\/\/elspeedo.cz\/pl\/wp-json\/wp\/v2\/media\/58188"}],"wp:attachment":[{"href":"https:\/\/elspeedo.cz\/pl\/wp-json\/wp\/v2\/media?parent=60919"}],"wp:term":[{"taxonomy":"category","embeddable":true,"href":"https:\/\/elspeedo.cz\/pl\/wp-json\/wp\/v2\/categories?post=60919"},{"taxonomy":"post_tag","embeddable":true,"href":"https:\/\/elspeedo.cz\/pl\/wp-json\/wp\/v2\/tags?post=60919"}],"curies":[{"name":"wp","href":"https:\/\/api.w.org\/{rel}","templated":true}]}}