{"id":70189,"date":"2017-12-07T23:33:38","date_gmt":"2017-12-07T22:33:38","guid":{"rendered":"https:\/\/elspeedo.cz\/breznove-termicke-el-speedo-akce-tri-peti\/"},"modified":"2018-02-16T14:40:36","modified_gmt":"2018-02-16T13:40:36","slug":"termiczne-marcowe-el-speedo-wyjazdy-trzy-z-pieciu","status":"publish","type":"post","link":"https:\/\/elspeedo.cz\/pl\/termiczne-marcowe-el-speedo-wyjazdy-trzy-z-pieciu\/","title":{"rendered":"Termiczne marcowe El Speedo wyjazdy &#8222;TRZY Z PI\u0118CIU&#8221;"},"content":{"rendered":"<div class=\"wpb-content-wrapper\">[vc_row][vc_column][vc_column_text]Zobacz co przygotowa\u0142em dla Ciebie w marcu&#8230;<br \/>\nCi kt\u00f3rzy doko\u0144czyli Kurs podstawowy mogli ruszy\u0107 prosto na kopiec lub zapisa\u0107 si\u0119 do dwuletniego programu treningowego  <a href=\"https:\/\/elspeedo.cz\/pl\/kursy-paralotniarstwa\/trening-paralotniowy\/hawk\/\"><strong>HAWK<\/strong><\/a>, Niekt\u00f3rzy zaliczyli jesienne Termiczne latanie w Alpach. Dodali\u015bmy w jesieni 2017 kilka dodatkowych trening\u00f3w i dzi\u0119ki temu powsta\u0142a przestrze\u0144 na nowy model akcji &#8222;TRZY Z PI\u0118CIU&#8221;. [\/vc_column_text][vc_empty_space][\/vc_column][\/vc_row][vc_row][vc_column][mk_button_gradient dimension=&#8221;flat&#8221; size=&#8221;large&#8221; corner_style=&#8221;rounded&#8221; grandient_color_from=&#8221;#6087b9&#8243; grandient_color_to=&#8221;#557bab&#8221; grandient_color_fallback=&#8221;#6087b9&#8243; url=&#8221;https:\/\/elspeedo.cz\/pl\/akce\/termiczne-safari-trzy-z-pieciu\/&#8221; align=&#8221;center&#8221; el_class=&#8221;btn-el-gradient-blue&#8221;]WI\u0119cej informacji o safari &#8222;TRZY Z PI\u0118CIU&#8221;[\/mk_button_gradient][vc_empty_space][\/vc_column][\/vc_row][vc_row][vc_column][vc_column_text]<\/a>Niezale\u017cnie od tego, czy jeste\u015b \u015bwie\u017co upieczonym absolwentem, czy masz ju\u017c za sob\u0105 alpejskie latanie &#8211; TRZY Z PI\u0118CIU b\u0119dzie Ci si\u0119 podoba\u0107. Dlatego \u017ce:<\/p>\n<p>&#8211; jedziemy na po\u0142udnie, kiedy w Polsce i Czechach jest jeszcze na latanie za wcze\u015bnie,<\/p>\n<p>&#8211; b\u0119dziemy uczy\u0107 techniki latania w termice,<\/p>\n<p>&#8211; pomo\u017cemy przy trudniejszych startach i l\u0105dowaniach.<\/p>\n<p>Ale g\u0142\u00f3wnie i przede wszystkim &#8211; b\u0119dziemy stara\u0107 si\u0119 odwiedzi\u0107 w ci\u0105gu pi\u0119ciu dni trzy miejsca do latania. Wyb\u00f3r b\u0119dzie zale\u017cny od pogody. W\u0142ochy i S\u0142owenia s\u0105 pe\u0142ne pi\u0119knych miejsc i nie tylko maj\u0105 Bassano i Lijak!<\/p>\n<p><a href=\"\/?page_id=60941\">Zobacz do naszego kalendarza na rok 2018, zape\u0142nionego treningami i ekspedycjami. Zapraszamy do poznania nowych miejsc i prze\u017cycia nowych przyg\u00f3d!<\/p>\n<p style=\"text-align: right\">Instruktorzy i Dalibor.<\/p>\n[\/vc_column_text][vc_empty_space][\/vc_column][\/vc_row][vc_row][vc_column][mk_button_gradient dimension=&#8221;flat&#8221; size=&#8221;large&#8221; corner_style=&#8221;rounded&#8221; grandient_color_from=&#8221;#6087b9&#8243; grandient_color_to=&#8221;#557bab&#8221; grandient_color_fallback=&#8221;#6087b9&#8243; url=&#8221;https:\/\/elspeedo.cz\/kalendar-akci\/&#8221; align=&#8221;center&#8221; el_class=&#8221;btn-el-gradient-blue&#8221;]KALENDARZ WYJAZD\u00d3W El Speedo[\/mk_button_gradient][vc_empty_space][\/vc_column][\/vc_row]\n<\/div>","protected":false},"excerpt":{"rendered":"<p>Zobacz co przygotowa\u0142em dla Ciebie w marcu\u2026<\/p>\n","protected":false},"author":4,"featured_media":69948,"comment_status":"open","ping_status":"open","sticky":false,"template":"","format":"standard","meta":{"_tribe_blocks_recurrence_rules":"","_tribe_blocks_recurrence_exclusions":"","_tribe_blocks_recurrence_description":"","footnotes":""},"categories":[546],"tags":[1333,1334,561,1280,685,389,899,1213,618,805,1335],"class_list":["post-70189","post","type-post","status-publish","format-standard","has-post-thumbnail","hentry","category-szkola-pl","tag-alpy-pl","tag-brezen-pl","tag-expedice-pl","tag-expedicni-vylet-pl","tag-italie-pl","tag-paragliding-pl","tag-slovinsko-pl","tag-termicky-trenink-pl","tag-termika-pl","tag-trenink-pl","tag-vylet-pl"],"yoast_head":"<!-- This site is optimized with the Yoast SEO plugin v27.0 - https:\/\/yoast.com\/product\/yoast-seo-wordpress\/ -->\n<title>Termiczne marcowe El Speedo wyjazdy &quot;TRZY Z PI\u0118CIU&quot; &#8212; El Speedo<\/title>\n<meta name=\"description\" content=\"El Speedo je nejv\u011bt\u0161\u00ed paraglidingov\u00e1 komunita a \u0161kola v \u010cR. Tandemov\u00e9 seskoky, kurzy, expedice a paragliding v\u00fdbava\" \/>\n<meta name=\"robots\" content=\"index, follow, max-snippet:-1, max-image-preview:large, max-video-preview:-1\" \/>\n<link rel=\"canonical\" href=\"https:\/\/elspeedo.cz\/breznove-termicke-el-speedo-akce-tri-peti\/\" \/>\n<meta property=\"og:locale\" content=\"pl_PL\" \/>\n<meta property=\"og:type\" content=\"article\" \/>\n<meta property=\"og:title\" content=\"Termiczne marcowe El Speedo wyjazdy &quot;TRZY Z PI\u0118CIU&quot; &#8212; El Speedo\" \/>\n<meta property=\"og:description\" content=\"El Speedo je nejv\u011bt\u0161\u00ed paraglidingov\u00e1 komunita a \u0161kola v \u010cR. Tandemov\u00e9 seskoky, kurzy, expedice a paragliding v\u00fdbava\" \/>\n<meta property=\"og:url\" content=\"https:\/\/elspeedo.cz\/breznove-termicke-el-speedo-akce-tri-peti\/\" \/>\n<meta property=\"og:site_name\" content=\"El Speedo\" \/>\n<meta property=\"article:publisher\" content=\"http:\/\/www.facebook.com\/paragliding.elspeedo.cz\/?fref=ts\" \/>\n<meta property=\"article:published_time\" content=\"2017-12-07T22:33:38+00:00\" \/>\n<meta property=\"article:modified_time\" content=\"2018-02-16T13:40:36+00:00\" \/>\n<meta property=\"og:image\" content=\"https:\/\/elspeedo.cz\/wp-content\/uploads\/2017\/03\/20160817_italie_paragliding_elspeedo-00002.jpg\" \/>\n\t<meta property=\"og:image:width\" content=\"800\" \/>\n\t<meta property=\"og:image:height\" content=\"599\" \/>\n\t<meta property=\"og:image:type\" content=\"image\/jpeg\" \/>\n<meta name=\"author\" content=\"Dalibor Carbol\" \/>\n<meta name=\"twitter:card\" content=\"summary_large_image\" \/>\n<meta name=\"twitter:label1\" content=\"Napisane przez\" \/>\n\t<meta name=\"twitter:data1\" content=\"Dalibor Carbol\" \/>\n\t<meta name=\"twitter:label2\" content=\"Szacowany czas czytania\" \/>\n\t<meta name=\"twitter:data2\" content=\"2 minuty\" \/>\n<script type=\"application\/ld+json\" class=\"yoast-schema-graph\">{\"@context\":\"https:\/\/schema.org\",\"@graph\":[{\"@type\":\"Article\",\"@id\":\"https:\/\/elspeedo.cz\/breznove-termicke-el-speedo-akce-tri-peti\/#article\",\"isPartOf\":{\"@id\":\"https:\/\/elspeedo.cz\/breznove-termicke-el-speedo-akce-tri-peti\/\"},\"author\":{\"name\":\"Dalibor Carbol\",\"@id\":\"https:\/\/elspeedo.cz\/#\/schema\/person\/845111a5f10bae8b99a8a55ee13640ac\"},\"headline\":\"Termiczne marcowe El Speedo wyjazdy &#8222;TRZY Z PI\u0118CIU&#8221;\",\"datePublished\":\"2017-12-07T22:33:38+00:00\",\"dateModified\":\"2018-02-16T13:40:36+00:00\",\"mainEntityOfPage\":{\"@id\":\"https:\/\/elspeedo.cz\/breznove-termicke-el-speedo-akce-tri-peti\/\"},\"wordCount\":346,\"commentCount\":0,\"image\":{\"@id\":\"https:\/\/elspeedo.cz\/breznove-termicke-el-speedo-akce-tri-peti\/#primaryimage\"},\"thumbnailUrl\":\"https:\/\/elspeedo.cz\/wp-content\/uploads\/2017\/03\/20160817_italie_paragliding_elspeedo-00002.jpg\",\"keywords\":[\"Alpy\",\"b\u0159ezen\",\"expedice\",\"expedi\u010dn\u00ed v\u00fdlet\",\"It\u00e1lie\",\"paragliding\",\"Slovinsko\",\"termick\u00fd tr\u00e9nink\",\"termika\",\"tr\u00e9nink\",\"v\u00fdlet\"],\"articleSection\":[\"\u0160kola\"],\"inLanguage\":\"pl-PL\",\"potentialAction\":[{\"@type\":\"CommentAction\",\"name\":\"Comment\",\"target\":[\"https:\/\/elspeedo.cz\/breznove-termicke-el-speedo-akce-tri-peti\/#respond\"]}]},{\"@type\":\"WebPage\",\"@id\":\"https:\/\/elspeedo.cz\/breznove-termicke-el-speedo-akce-tri-peti\/\",\"url\":\"https:\/\/elspeedo.cz\/breznove-termicke-el-speedo-akce-tri-peti\/\",\"name\":\"Termiczne marcowe El Speedo wyjazdy \\\"TRZY Z PI\u0118CIU\\\" &#8212; El Speedo\",\"isPartOf\":{\"@id\":\"https:\/\/elspeedo.cz\/#website\"},\"primaryImageOfPage\":{\"@id\":\"https:\/\/elspeedo.cz\/breznove-termicke-el-speedo-akce-tri-peti\/#primaryimage\"},\"image\":{\"@id\":\"https:\/\/elspeedo.cz\/breznove-termicke-el-speedo-akce-tri-peti\/#primaryimage\"},\"thumbnailUrl\":\"https:\/\/elspeedo.cz\/wp-content\/uploads\/2017\/03\/20160817_italie_paragliding_elspeedo-00002.jpg\",\"datePublished\":\"2017-12-07T22:33:38+00:00\",\"dateModified\":\"2018-02-16T13:40:36+00:00\",\"author\":{\"@id\":\"https:\/\/elspeedo.cz\/#\/schema\/person\/845111a5f10bae8b99a8a55ee13640ac\"},\"description\":\"El Speedo je nejv\u011bt\u0161\u00ed paraglidingov\u00e1 komunita a \u0161kola v \u010cR. Tandemov\u00e9 seskoky, kurzy, expedice a paragliding v\u00fdbava\",\"breadcrumb\":{\"@id\":\"https:\/\/elspeedo.cz\/breznove-termicke-el-speedo-akce-tri-peti\/#breadcrumb\"},\"inLanguage\":\"pl-PL\",\"potentialAction\":[{\"@type\":\"ReadAction\",\"target\":[\"https:\/\/elspeedo.cz\/breznove-termicke-el-speedo-akce-tri-peti\/\"]}]},{\"@type\":\"ImageObject\",\"inLanguage\":\"pl-PL\",\"@id\":\"https:\/\/elspeedo.cz\/breznove-termicke-el-speedo-akce-tri-peti\/#primaryimage\",\"url\":\"https:\/\/elspeedo.cz\/wp-content\/uploads\/2017\/03\/20160817_italie_paragliding_elspeedo-00002.jpg\",\"contentUrl\":\"https:\/\/elspeedo.cz\/wp-content\/uploads\/2017\/03\/20160817_italie_paragliding_elspeedo-00002.jpg\",\"width\":800,\"height\":599},{\"@type\":\"BreadcrumbList\",\"@id\":\"https:\/\/elspeedo.cz\/breznove-termicke-el-speedo-akce-tri-peti\/#breadcrumb\",\"itemListElement\":[{\"@type\":\"ListItem\",\"position\":1,\"name\":\"Dom\u016f\",\"item\":\"https:\/\/elspeedo.cz\/pl\/\"},{\"@type\":\"ListItem\",\"position\":2,\"name\":\"Termiczne marcowe El Speedo wyjazdy &#8222;TRZY Z PI\u0118CIU&#8220;\"}]},{\"@type\":\"WebSite\",\"@id\":\"https:\/\/elspeedo.cz\/#website\",\"url\":\"https:\/\/elspeedo.cz\/\",\"name\":\"El Speedo\",\"description\":\"Paragliding - kurzy, vybaven\u00ed, v\u00fdlety, komunita\",\"potentialAction\":[{\"@type\":\"SearchAction\",\"target\":{\"@type\":\"EntryPoint\",\"urlTemplate\":\"https:\/\/elspeedo.cz\/?s={search_term_string}\"},\"query-input\":{\"@type\":\"PropertyValueSpecification\",\"valueRequired\":true,\"valueName\":\"search_term_string\"}}],\"inLanguage\":\"pl-PL\"},{\"@type\":\"Person\",\"@id\":\"https:\/\/elspeedo.cz\/#\/schema\/person\/845111a5f10bae8b99a8a55ee13640ac\",\"name\":\"Dalibor Carbol\",\"image\":{\"@type\":\"ImageObject\",\"inLanguage\":\"pl-PL\",\"@id\":\"https:\/\/elspeedo.cz\/#\/schema\/person\/image\/\",\"url\":\"https:\/\/secure.gravatar.com\/avatar\/d659f476dca7f72f968cff594e14b0aa19a0a223ccfd746038f2317fba023899?s=96&d=mm&r=g\",\"contentUrl\":\"https:\/\/secure.gravatar.com\/avatar\/d659f476dca7f72f968cff594e14b0aa19a0a223ccfd746038f2317fba023899?s=96&d=mm&r=g\",\"caption\":\"Dalibor Carbol\"},\"sameAs\":[\"https:\/\/elspeedo.cz\"],\"url\":\"https:\/\/elspeedo.cz\/pl\/author\/dalibor\/\"}]}<\/script>\n<!-- \/ Yoast SEO plugin. -->","yoast_head_json":{"title":"Termiczne marcowe El Speedo wyjazdy \"TRZY Z PI\u0118CIU\" &#8212; El Speedo","description":"El Speedo je nejv\u011bt\u0161\u00ed paraglidingov\u00e1 komunita a \u0161kola v \u010cR. Tandemov\u00e9 seskoky, kurzy, expedice a paragliding v\u00fdbava","robots":{"index":"index","follow":"follow","max-snippet":"max-snippet:-1","max-image-preview":"max-image-preview:large","max-video-preview":"max-video-preview:-1"},"canonical":"https:\/\/elspeedo.cz\/breznove-termicke-el-speedo-akce-tri-peti\/","og_locale":"pl_PL","og_type":"article","og_title":"Termiczne marcowe El Speedo wyjazdy \"TRZY Z PI\u0118CIU\" &#8212; El Speedo","og_description":"El Speedo je nejv\u011bt\u0161\u00ed paraglidingov\u00e1 komunita a \u0161kola v \u010cR. Tandemov\u00e9 seskoky, kurzy, expedice a paragliding v\u00fdbava","og_url":"https:\/\/elspeedo.cz\/breznove-termicke-el-speedo-akce-tri-peti\/","og_site_name":"El Speedo","article_publisher":"http:\/\/www.facebook.com\/paragliding.elspeedo.cz\/?fref=ts","article_published_time":"2017-12-07T22:33:38+00:00","article_modified_time":"2018-02-16T13:40:36+00:00","og_image":[{"width":800,"height":599,"url":"https:\/\/elspeedo.cz\/wp-content\/uploads\/2017\/03\/20160817_italie_paragliding_elspeedo-00002.jpg","type":"image\/jpeg"}],"author":"Dalibor Carbol","twitter_card":"summary_large_image","twitter_misc":{"Napisane przez":"Dalibor Carbol","Szacowany czas czytania":"2 minuty"},"schema":{"@context":"https:\/\/schema.org","@graph":[{"@type":"Article","@id":"https:\/\/elspeedo.cz\/breznove-termicke-el-speedo-akce-tri-peti\/#article","isPartOf":{"@id":"https:\/\/elspeedo.cz\/breznove-termicke-el-speedo-akce-tri-peti\/"},"author":{"name":"Dalibor Carbol","@id":"https:\/\/elspeedo.cz\/#\/schema\/person\/845111a5f10bae8b99a8a55ee13640ac"},"headline":"Termiczne marcowe El Speedo wyjazdy &#8222;TRZY Z PI\u0118CIU&#8221;","datePublished":"2017-12-07T22:33:38+00:00","dateModified":"2018-02-16T13:40:36+00:00","mainEntityOfPage":{"@id":"https:\/\/elspeedo.cz\/breznove-termicke-el-speedo-akce-tri-peti\/"},"wordCount":346,"commentCount":0,"image":{"@id":"https:\/\/elspeedo.cz\/breznove-termicke-el-speedo-akce-tri-peti\/#primaryimage"},"thumbnailUrl":"https:\/\/elspeedo.cz\/wp-content\/uploads\/2017\/03\/20160817_italie_paragliding_elspeedo-00002.jpg","keywords":["Alpy","b\u0159ezen","expedice","expedi\u010dn\u00ed v\u00fdlet","It\u00e1lie","paragliding","Slovinsko","termick\u00fd tr\u00e9nink","termika","tr\u00e9nink","v\u00fdlet"],"articleSection":["\u0160kola"],"inLanguage":"pl-PL","potentialAction":[{"@type":"CommentAction","name":"Comment","target":["https:\/\/elspeedo.cz\/breznove-termicke-el-speedo-akce-tri-peti\/#respond"]}]},{"@type":"WebPage","@id":"https:\/\/elspeedo.cz\/breznove-termicke-el-speedo-akce-tri-peti\/","url":"https:\/\/elspeedo.cz\/breznove-termicke-el-speedo-akce-tri-peti\/","name":"Termiczne marcowe El Speedo wyjazdy \"TRZY Z PI\u0118CIU\" &#8212; El Speedo","isPartOf":{"@id":"https:\/\/elspeedo.cz\/#website"},"primaryImageOfPage":{"@id":"https:\/\/elspeedo.cz\/breznove-termicke-el-speedo-akce-tri-peti\/#primaryimage"},"image":{"@id":"https:\/\/elspeedo.cz\/breznove-termicke-el-speedo-akce-tri-peti\/#primaryimage"},"thumbnailUrl":"https:\/\/elspeedo.cz\/wp-content\/uploads\/2017\/03\/20160817_italie_paragliding_elspeedo-00002.jpg","datePublished":"2017-12-07T22:33:38+00:00","dateModified":"2018-02-16T13:40:36+00:00","author":{"@id":"https:\/\/elspeedo.cz\/#\/schema\/person\/845111a5f10bae8b99a8a55ee13640ac"},"description":"El Speedo je nejv\u011bt\u0161\u00ed paraglidingov\u00e1 komunita a \u0161kola v \u010cR. Tandemov\u00e9 seskoky, kurzy, expedice a paragliding v\u00fdbava","breadcrumb":{"@id":"https:\/\/elspeedo.cz\/breznove-termicke-el-speedo-akce-tri-peti\/#breadcrumb"},"inLanguage":"pl-PL","potentialAction":[{"@type":"ReadAction","target":["https:\/\/elspeedo.cz\/breznove-termicke-el-speedo-akce-tri-peti\/"]}]},{"@type":"ImageObject","inLanguage":"pl-PL","@id":"https:\/\/elspeedo.cz\/breznove-termicke-el-speedo-akce-tri-peti\/#primaryimage","url":"https:\/\/elspeedo.cz\/wp-content\/uploads\/2017\/03\/20160817_italie_paragliding_elspeedo-00002.jpg","contentUrl":"https:\/\/elspeedo.cz\/wp-content\/uploads\/2017\/03\/20160817_italie_paragliding_elspeedo-00002.jpg","width":800,"height":599},{"@type":"BreadcrumbList","@id":"https:\/\/elspeedo.cz\/breznove-termicke-el-speedo-akce-tri-peti\/#breadcrumb","itemListElement":[{"@type":"ListItem","position":1,"name":"Dom\u016f","item":"https:\/\/elspeedo.cz\/pl\/"},{"@type":"ListItem","position":2,"name":"Termiczne marcowe El Speedo wyjazdy &#8222;TRZY Z PI\u0118CIU&#8220;"}]},{"@type":"WebSite","@id":"https:\/\/elspeedo.cz\/#website","url":"https:\/\/elspeedo.cz\/","name":"El Speedo","description":"Paragliding - kurzy, vybaven\u00ed, v\u00fdlety, komunita","potentialAction":[{"@type":"SearchAction","target":{"@type":"EntryPoint","urlTemplate":"https:\/\/elspeedo.cz\/?s={search_term_string}"},"query-input":{"@type":"PropertyValueSpecification","valueRequired":true,"valueName":"search_term_string"}}],"inLanguage":"pl-PL"},{"@type":"Person","@id":"https:\/\/elspeedo.cz\/#\/schema\/person\/845111a5f10bae8b99a8a55ee13640ac","name":"Dalibor Carbol","image":{"@type":"ImageObject","inLanguage":"pl-PL","@id":"https:\/\/elspeedo.cz\/#\/schema\/person\/image\/","url":"https:\/\/secure.gravatar.com\/avatar\/d659f476dca7f72f968cff594e14b0aa19a0a223ccfd746038f2317fba023899?s=96&d=mm&r=g","contentUrl":"https:\/\/secure.gravatar.com\/avatar\/d659f476dca7f72f968cff594e14b0aa19a0a223ccfd746038f2317fba023899?s=96&d=mm&r=g","caption":"Dalibor Carbol"},"sameAs":["https:\/\/elspeedo.cz"],"url":"https:\/\/elspeedo.cz\/pl\/author\/dalibor\/"}]}},"_links":{"self":[{"href":"https:\/\/elspeedo.cz\/pl\/wp-json\/wp\/v2\/posts\/70189","targetHints":{"allow":["GET"]}}],"collection":[{"href":"https:\/\/elspeedo.cz\/pl\/wp-json\/wp\/v2\/posts"}],"about":[{"href":"https:\/\/elspeedo.cz\/pl\/wp-json\/wp\/v2\/types\/post"}],"author":[{"embeddable":true,"href":"https:\/\/elspeedo.cz\/pl\/wp-json\/wp\/v2\/users\/4"}],"replies":[{"embeddable":true,"href":"https:\/\/elspeedo.cz\/pl\/wp-json\/wp\/v2\/comments?post=70189"}],"version-history":[{"count":0,"href":"https:\/\/elspeedo.cz\/pl\/wp-json\/wp\/v2\/posts\/70189\/revisions"}],"wp:featuredmedia":[{"embeddable":true,"href":"https:\/\/elspeedo.cz\/pl\/wp-json\/wp\/v2\/media\/69948"}],"wp:attachment":[{"href":"https:\/\/elspeedo.cz\/pl\/wp-json\/wp\/v2\/media?parent=70189"}],"wp:term":[{"taxonomy":"category","embeddable":true,"href":"https:\/\/elspeedo.cz\/pl\/wp-json\/wp\/v2\/categories?post=70189"},{"taxonomy":"post_tag","embeddable":true,"href":"https:\/\/elspeedo.cz\/pl\/wp-json\/wp\/v2\/tags?post=70189"}],"curies":[{"name":"wp","href":"https:\/\/api.w.org\/{rel}","templated":true}]}}